{"id":323771,"date":"2025-08-16T23:24:11","date_gmt":"2025-08-16T23:24:11","guid":{"rendered":"https:\/\/www.europesays.com\/fr\/323771\/"},"modified":"2025-08-16T23:24:11","modified_gmt":"2025-08-16T23:24:11","slug":"louis-sarkozy-en-dedicace-ce-lundi-a-six-fours","status":"publish","type":"post","link":"https:\/\/www.europesays.com\/fr\/323771\/","title":{"rendered":"Louis Sarkozy en d\u00e9dicace ce lundi \u00e0 Six-Fours"},"content":{"rendered":"<p>Le Comit\u00e9 de liaison des associations bruscaines (CLAB) accueillera Louis Sarkozy ce lundi \u00e0 19h \u00e0 la Maison du patrimoine pour une soir\u00e9e exceptionnelle qui viendra clore les entretiens litt\u00e9raires de la saison.<\/p>\n<p>Fils de l\u2019ancien pr\u00e9sident de la R\u00e9publique Nicolas Sarkozy et de C\u00e9cilia Attias, Louis Sarkozy a choisi de tracer son propre chemin intellectuel.<\/p>\n<p>Passionn\u00e9 d\u2019histoire et de philosophie, il vient de publier un ouvrage remarqu\u00e9: Napol\u00e9on Bonaparte. L\u2019empire des livres.<\/p>\n<p>Dans ce travail \u00e9rudit, il explore la biblioth\u00e8que personnelle de l\u2019Empereur et montre comment ses lectures ont influenc\u00e9 son parcours politique et militaire.<\/p>\n<p>Lors de cette rencontre, l\u2019auteur pr\u00e9sentera son livre au public, avant de se pr\u00eater \u00e0 un temps d\u2019\u00e9changes et de questions-r\u00e9ponses.<\/p>\n<p>Une occasion privil\u00e9gi\u00e9e de d\u00e9couvrir une facette m\u00e9connue de Napol\u00e9on, mais aussi de dialoguer avec un jeune essayiste qui nourrit d\u00e9j\u00e0 l\u2019ambition de participer activement au d\u00e9bat public en France.<\/p>\n<p>Cette soir\u00e9e marque l\u2019aboutissement d\u2019un cycle litt\u00e9raire riche et vari\u00e9. Apr\u00e8s une ouverture avec Michel Barnier, ancien n\u00e9gociateur du Brexit, le public a eu le plaisir de rencontrer la grande reporter Maryse Burgot, puis les \u00e9crivains Fran\u00e7ois-Henri D\u00e9s\u00e9rable et Miguel Bonnefoy, avant d\u2019\u00e9couter le t\u00e9moignage de Dominique Tapie.<\/p>\n<p>Une programmation \u00e9clectique qui a fait vibrer tout l\u2019\u00e9t\u00e9 Le Brusc au rythme de la litt\u00e9rature, de l\u2019actualit\u00e9 et du d\u00e9bat d\u2019id\u00e9es. Avec la venue de Louis Sarkozy, le CLAB offre une conclusion de prestige \u00e0 cette \u00e9dition 2025, confirmant son r\u00f4le de rendez-vous culturel incontournable sur le littoral varois.<\/p>\n<p>Entr\u00e9e libre. D\u00e9but de l\u2019entretien 19h. Possibilit\u00e9 d\u2019acheter le livre sur place. Apr\u00e8s les questions-r\u00e9ponses, une s\u00e9ance de d\u00e9dicaces aura lieu.<\/p>\n","protected":false},"excerpt":{"rendered":"Le Comit\u00e9 de liaison des associations bruscaines (CLAB) accueillera Louis Sarkozy ce lundi \u00e0 19h \u00e0 la Maison&hellip;\n","protected":false},"author":2,"featured_media":323772,"comment_status":"","ping_status":"","sticky":false,"template":"","format":"standard","meta":{"footnotes":""},"categories":[9619],"tags":[1111,11,1777,674,1011,27,12,316,882,25,2310],"class_list":{"0":"post-323771","1":"post","2":"type-post","3":"status-publish","4":"format-standard","5":"has-post-thumbnail","7":"category-toulon","8":"tag-actu","9":"tag-actualites","10":"tag-eu","11":"tag-europe","12":"tag-fr","13":"tag-france","14":"tag-news","15":"tag-politique","16":"tag-provence-alpes-cote-dazur","17":"tag-republique-francaise","18":"tag-toulon"},"share_on_mastodon":{"url":"https:\/\/pubeurope.com\/@fr\/115041026903532520","error":""},"_links":{"self":[{"href":"https:\/\/www.europesays.com\/fr\/wp-json\/wp\/v2\/posts\/323771","targetHints":{"allow":["GET"]}}],"collection":[{"href":"https:\/\/www.europesays.com\/fr\/wp-json\/wp\/v2\/posts"}],"about":[{"href":"https:\/\/www.europesays.com\/fr\/wp-json\/wp\/v2\/types\/post"}],"author":[{"embeddable":true,"href":"https:\/\/www.europesays.com\/fr\/wp-json\/wp\/v2\/users\/2"}],"replies":[{"embeddable":true,"href":"https:\/\/www.europesays.com\/fr\/wp-json\/wp\/v2\/comments?post=323771"}],"version-history":[{"count":0,"href":"https:\/\/www.europesays.com\/fr\/wp-json\/wp\/v2\/posts\/323771\/revisions"}],"wp:featuredmedia":[{"embeddable":true,"href":"https:\/\/www.europesays.com\/fr\/wp-json\/wp\/v2\/media\/323772"}],"wp:attachment":[{"href":"https:\/\/www.europesays.com\/fr\/wp-json\/wp\/v2\/media?parent=323771"}],"wp:term":[{"taxonomy":"category","embeddable":true,"href":"https:\/\/www.europesays.com\/fr\/wp-json\/wp\/v2\/categories?post=323771"},{"taxonomy":"post_tag","embeddable":true,"href":"https:\/\/www.europesays.com\/fr\/wp-json\/wp\/v2\/tags?post=323771"}],"curies":[{"name":"wp","href":"https:\/\/api.w.org\/{rel}","templated":true}]}}