{"id":323775,"date":"2025-08-16T23:30:20","date_gmt":"2025-08-16T23:30:20","guid":{"rendered":"https:\/\/www.europesays.com\/fr\/323775\/"},"modified":"2025-08-16T23:30:20","modified_gmt":"2025-08-16T23:30:20","slug":"national-dfco-choix-et-reflexion-en-defense","status":"publish","type":"post","link":"https:\/\/www.europesays.com\/fr\/323775\/","title":{"rendered":"National. DFCO\u00a0: choix et r\u00e9flexion en d\u00e9fense"},"content":{"rendered":"<p>C\u2019\u00e9tait la surprise au coup d\u2019envoi. S\u2019il n\u2019\u00e9tait pas annonc\u00e9 titulaire face \u00e0 Rouen, <a href=\"https:\/\/www.bienpublic.com\/p\/elydjah-mendy\" target=\"_blank\" rel=\"noopener\">Elydjah Mendy<\/a> ne figurait pas sur la feuille de match, alors que <a href=\"https:\/\/www.bienpublic.com\/sport\/2025\/08\/14\/dfco-avec-julio-tavares-face-a-rouen\" target=\"_blank\" rel=\"noopener\">son nom \u00e9tait inscrit dans un groupe de 18 joueurs<\/a> (16 seulement peuvent figurer en National, comme d\u2019habitude, Lenny Montfort prenant place en tribunes).<\/p>\n<p>Une option, en pleine p\u00e9riode de mercato estival, qui peut intriguer, le Palois d\u2019origine \u00e9tant un profil susceptible d\u2019int\u00e9resser plus haut. \u00ab\u00a0Il n\u2019\u00e9tait pas \u00e0 100\u00a0% par rapport \u00e0 ce match-l\u00e0. On a d\u2019autres joueurs aussi sur lesquels on a d\u00fb faire des choix. Du coup, on ne pouvait pas se permettre de mettre des \u00e9l\u00e9ments qui n\u2019\u00e9taient pas \u00e0&#8230;<\/p>\n","protected":false},"excerpt":{"rendered":"C\u2019\u00e9tait la surprise au coup d\u2019envoi. S\u2019il n\u2019\u00e9tait pas annonc\u00e9 titulaire face \u00e0 Rouen, Elydjah Mendy ne figurait&hellip;\n","protected":false},"author":2,"featured_media":323776,"comment_status":"","ping_status":"","sticky":false,"template":"","format":"standard","meta":{"footnotes":""},"categories":[9587],"tags":[1111,11,24879,2930,8587,8588,1777,674,107,63,1011,27,12,5161,25,9590,517],"class_list":{"0":"post-323775","1":"post","2":"type-post","3":"status-publish","4":"format-standard","5":"has-post-thumbnail","7":"category-rouen","8":"tag-actu","9":"tag-actualites","10":"tag-dfco-dijon-football-cote-dor","11":"tag-dijon","12":"tag-dijon-ville","13":"tag-edition-dijon-et-son-agglomeration","14":"tag-eu","15":"tag-europe","16":"tag-fil-info","17":"tag-football","18":"tag-fr","19":"tag-france","20":"tag-news","21":"tag-normandie","22":"tag-republique-francaise","23":"tag-rouen","24":"tag-sport"},"share_on_mastodon":{"url":"https:\/\/pubeurope.com\/@fr\/115041050562733854","error":""},"_links":{"self":[{"href":"https:\/\/www.europesays.com\/fr\/wp-json\/wp\/v2\/posts\/323775","targetHints":{"allow":["GET"]}}],"collection":[{"href":"https:\/\/www.europesays.com\/fr\/wp-json\/wp\/v2\/posts"}],"about":[{"href":"https:\/\/www.europesays.com\/fr\/wp-json\/wp\/v2\/types\/post"}],"author":[{"embeddable":true,"href":"https:\/\/www.europesays.com\/fr\/wp-json\/wp\/v2\/users\/2"}],"replies":[{"embeddable":true,"href":"https:\/\/www.europesays.com\/fr\/wp-json\/wp\/v2\/comments?post=323775"}],"version-history":[{"count":0,"href":"https:\/\/www.europesays.com\/fr\/wp-json\/wp\/v2\/posts\/323775\/revisions"}],"wp:featuredmedia":[{"embeddable":true,"href":"https:\/\/www.europesays.com\/fr\/wp-json\/wp\/v2\/media\/323776"}],"wp:attachment":[{"href":"https:\/\/www.europesays.com\/fr\/wp-json\/wp\/v2\/media?parent=323775"}],"wp:term":[{"taxonomy":"category","embeddable":true,"href":"https:\/\/www.europesays.com\/fr\/wp-json\/wp\/v2\/categories?post=323775"},{"taxonomy":"post_tag","embeddable":true,"href":"https:\/\/www.europesays.com\/fr\/wp-json\/wp\/v2\/tags?post=323775"}],"curies":[{"name":"wp","href":"https:\/\/api.w.org\/{rel}","templated":true}]}}