{"id":323777,"date":"2025-08-16T23:31:16","date_gmt":"2025-08-16T23:31:16","guid":{"rendered":"https:\/\/www.europesays.com\/fr\/323777\/"},"modified":"2025-08-16T23:31:16","modified_gmt":"2025-08-16T23:31:16","slug":"permis-de-louer-de-la-ville-de-grenoble-premiers-resultats","status":"publish","type":"post","link":"https:\/\/www.europesays.com\/fr\/323777\/","title":{"rendered":"Permis de louer de la Ville de Grenoble : premiers r\u00e9sultats"},"content":{"rendered":"<p>\t\t\t\t\tFLASH INFO \u2013 La Ville de Grenoble dresse le bilan du \u00ab\u00a0per\u00admis de louer\u00a0\u00bb ins\u00adtaur\u00e9 \u00e0 titre exp\u00e9\u00adri\u00admen\u00adtal le 1er juillet 2024 sur les quar\u00adtiers Gabriel-P\u00e9ri et Saint-Laurent. Au total, 345 demandes ont \u00e9t\u00e9 trai\u00adt\u00e9es, dont 231 se concluant par un accord de loca\u00adtion. Les 84\u00a0accords sous r\u00e9serve et les 30 refus ont, pour leur part, donn\u00e9 lieu \u00e0 la mise en confor\u00admit\u00e9 de 70 logements.<\/p>\n<p>Qu\u2019a donn\u00e9 l\u2019ex\u00adp\u00e9\u00adri\u00admen\u00adta\u00adtion du \u00ab\u00a0per\u00admis de louer\u00a0\u00bb mise en place par la Ville de Grenoble <a href=\"https:\/\/www.placegrenet.fr\/2024\/01\/25\/la-ville-de-grenoble-met-en-place-le-permis-de-louer-pour-lutter-contre-lhabitat-indigne\/622552\" target=\"_blank\" rel=\"noopener nofollow\">au 1er juillet 2024<\/a> sur les sec\u00adteurs Saint-Laurent et Gabriel-P\u00e9ri\u00a0? La muni\u00adci\u00adpa\u00adlit\u00e9 dresse un \u00ab\u00a0bilan posi\u00adtif\u00a0\u00bb de la mesure, un an apr\u00e8s son appli\u00adca\u00adtion, dans un com\u00admu\u00adni\u00adqu\u00e9 dat\u00e9 du 30 juillet 2025. Le per\u00admis de louer \u00ab\u00a0per\u00admet de v\u00e9ri\u00adfier qu\u2019un loge\u00adment mis en loca\u00adtion est d\u00e9cent, et qu\u2019il n\u2019est pas sus\u00adcep\u00adtible de por\u00adter atteinte \u00e0 la s\u00e9cu\u00adrit\u00e9 des occu\u00adpant-es et \u00e0 la salu\u00adbrit\u00e9 publique\u00a0\u00bb, d\u00e9crit la\u00a0Ville.<\/p>\n<p>En l\u2019es\u00adpace d\u2019un an, 345 demandes ont \u00e9t\u00e9 trai\u00adt\u00e9es par le ser\u00advice Sant\u00e9 envi\u00adron\u00adne\u00admen\u00adtale de la muni\u00adci\u00adpa\u00adlit\u00e9 gre\u00adno\u00adbloise. \u00ab\u00a0231 ont donn\u00e9 lieu \u00e0 un accord de loca\u00adtion, 84 \u00e0 un accord sous r\u00e9serve, et 30 ont \u00e9t\u00e9 refu\u00ads\u00e9es\u00a0\u00bb, d\u00e9taille-t-elle. Et d\u2019in\u00addi\u00adquer que les stu\u00addios ou T2 ont repr\u00e9\u00adsent\u00e9 les trois quarts des loge\u00adments \u00e9va\u00adlu\u00e9s, pour la quasi-tota\u00adlit\u00e9 situ\u00e9s dans des immeubles en copro\u00adpri\u00e9t\u00e9 et pour une grande majo\u00adrit\u00e9 dans le quar\u00adtier Gabriel-P\u00e9ri.<\/p>\n<p><a href=\"https:\/\/www.europesays.com\/fr\/wp-content\/uploads\/2025\/08\/Rue-Gabriel-Peri.jpg\" target=\"_blank\" rel=\"noopener\"><img fetchpriority=\"high\" decoding=\"async\" aria-describedby=\"caption-attachment-110505\" class=\"wp-image-110505 size-full\" src=\"data:image\/svg+xml,%3Csvg%20xmlns=\" http:=\"\" alt=\"La rue Gabriel-P\u00e9ri \u00e0 Grenoble fait partie des deux quartiers concern\u00e9s par l'exp\u00e9rimentation du permis de louer de la Ville de Grenoble. \u00a9 Florent Mathieu - Place Gre'net\" width=\"1000\" height=\"555\" data-lazy- data-lazy- data-lazy-src=\"https:\/\/www.europesays.com\/fr\/wp-content\/uploads\/2025\/08\/Rue-Gabriel-Peri.jpg\"\/><\/a><\/p>\n<p id=\"caption-attachment-110505\" class=\"wp-caption-text\">La rue Gabriel-P\u00e9ri \u00e0 Grenoble fait par\u00adtie des deux quar\u00adtiers concer\u00adn\u00e9s par l\u2019ex\u00adp\u00e9\u00adri\u00admen\u00adta\u00adtion du per\u00admis de louer de la Ville de Grenoble. \u00a9 Florent Mathieu \u2013 Place Gre\u2019net<\/p>\n<p>\u00ab\u00a0Les refus et accords sous r\u00e9serves ini\u00adtiaux ont pro\u00advo\u00adqu\u00e9 la mise en confor\u00admit\u00e9 de 70\u00a0loge\u00adments par des tra\u00advaux simples de lev\u00e9e de r\u00e9serves, v\u00e9ri\u00adfi\u00e9s sur fac\u00adtures, pho\u00adtos, attes\u00adta\u00adtion, nou\u00adveau diag\u00adnos\u00adtic ou contre\u00advi\u00adsite\u00a0; ou par des tra\u00advaux lourds pour rem\u00e9\u00addier aux motifs de refus, v\u00e9ri\u00adfi\u00e9s dans les m\u00eames condi\u00adtions avec le d\u00e9p\u00f4t d\u2019une seconde demande\u00a0\u00bb, pr\u00e9\u00adcise la Ville. Exemples de motifs de refus\u00a0: des d\u00e9fauts \u00e9lec\u00adtriques, des restes de pein\u00adture au plomb, ou encore une sur\u00adface de loge\u00adment insuffisante.<\/p>\n<p>Une amende pou\u00advant atteindre 15 000\u00a0euros<\/p>\n<p>Enfin, les ser\u00advices de la Ville disent consta\u00adter \u00ab\u00a0que les d\u00e9marches se [font] glo\u00adba\u00adle\u00adment de mani\u00e8re fluide, avec des demandes com\u00adpl\u00e8tes, conformes, et que cer\u00adtains tra\u00advaux de mise en confor\u00admit\u00e9 des loge\u00adments [sont] effec\u00adtu\u00e9s avant m\u00eame la pre\u00admi\u00e8re demande d\u2019autorisation de mise en loca\u00adtion\u00a0\u00bb, note la muni\u00adci\u00adpa\u00adlit\u00e9. Non sans rap\u00adpe\u00adler que l\u2019ab\u00adsence de demande, ou la mise en loca\u00adtion mal\u00adgr\u00e9 un refus, sont pas\u00adsibles d\u2019une amende pou\u00advant atteindre 15 000\u00a0euros.<\/p>\n<p>Un bilan qui risque fort de ne pas convaincre cer\u00adtains. Dans une tri\u00adbune publi\u00e9e dans <a href=\"https:\/\/www.lefigaro.fr\/vox\/politique\/plutot-que-de-casser-les-ghettos-de-riches-il-faut-sauver-grenoble-des-mains-d-eric-piolle-20250812\" target=\"_blank\" rel=\"noopener nofollow\">Le Figaro<\/a>, l\u2019op\u00adpo\u00adsant Alain Carignon d\u00e9nonce ainsi une Ville de Grenoble \u00ab\u00a0pre\u00admi\u00e8re de sa cat\u00e9\u00adgo\u00adrie pour le taux de taxe fon\u00adci\u00e8re et der\u00adni\u00e8re pour la valeur des biens, \u00e9cra\u00adsant les pro\u00adpri\u00e9\u00adtaires du \u00ab\u00a0per\u00admis de louer\u00a0\u00bb, de l\u2019encadrement des loyers, de la menace de r\u00e9qui\u00adsi\u00adtions\u00a0\u00bb. Et accuse la muni\u00adci\u00adpa\u00adlit\u00e9 de \u00ab\u00a0cr\u00e9er une \u00e8re post-v\u00e9rit\u00e9 o\u00f9 les chiffres du quo\u00adti\u00addien n\u2019ont plus leur place\u00a0\u00bb.<\/p>\n","protected":false},"excerpt":{"rendered":"FLASH INFO \u2013 La Ville de Grenoble dresse le bilan du \u00ab\u00a0per\u00admis de louer\u00a0\u00bb ins\u00adtaur\u00e9 \u00e0 titre exp\u00e9\u00adri\u00admen\u00adtal&hellip;\n","protected":false},"author":2,"featured_media":323778,"comment_status":"","ping_status":"","sticky":false,"template":"","format":"standard","meta":{"footnotes":""},"categories":[9566],"tags":[1111,11,2430,1777,674,1011,27,2731,12,25],"class_list":{"0":"post-323777","1":"post","2":"type-post","3":"status-publish","4":"format-standard","5":"has-post-thumbnail","7":"category-grenoble","8":"tag-actu","9":"tag-actualites","10":"tag-auvergne-rhone-alpes","11":"tag-eu","12":"tag-europe","13":"tag-fr","14":"tag-france","15":"tag-grenoble","16":"tag-news","17":"tag-republique-francaise"},"share_on_mastodon":{"url":"https:\/\/pubeurope.com\/@fr\/115041054612066963","error":""},"_links":{"self":[{"href":"https:\/\/www.europesays.com\/fr\/wp-json\/wp\/v2\/posts\/323777","targetHints":{"allow":["GET"]}}],"collection":[{"href":"https:\/\/www.europesays.com\/fr\/wp-json\/wp\/v2\/posts"}],"about":[{"href":"https:\/\/www.europesays.com\/fr\/wp-json\/wp\/v2\/types\/post"}],"author":[{"embeddable":true,"href":"https:\/\/www.europesays.com\/fr\/wp-json\/wp\/v2\/users\/2"}],"replies":[{"embeddable":true,"href":"https:\/\/www.europesays.com\/fr\/wp-json\/wp\/v2\/comments?post=323777"}],"version-history":[{"count":0,"href":"https:\/\/www.europesays.com\/fr\/wp-json\/wp\/v2\/posts\/323777\/revisions"}],"wp:featuredmedia":[{"embeddable":true,"href":"https:\/\/www.europesays.com\/fr\/wp-json\/wp\/v2\/media\/323778"}],"wp:attachment":[{"href":"https:\/\/www.europesays.com\/fr\/wp-json\/wp\/v2\/media?parent=323777"}],"wp:term":[{"taxonomy":"category","embeddable":true,"href":"https:\/\/www.europesays.com\/fr\/wp-json\/wp\/v2\/categories?post=323777"},{"taxonomy":"post_tag","embeddable":true,"href":"https:\/\/www.europesays.com\/fr\/wp-json\/wp\/v2\/tags?post=323777"}],"curies":[{"name":"wp","href":"https:\/\/api.w.org\/{rel}","templated":true}]}}