{"id":323781,"date":"2025-08-16T23:34:11","date_gmt":"2025-08-16T23:34:11","guid":{"rendered":"https:\/\/www.europesays.com\/fr\/323781\/"},"modified":"2025-08-16T23:34:11","modified_gmt":"2025-08-16T23:34:11","slug":"previsions-du-dimanche-17-aout-2025","status":"publish","type":"post","link":"https:\/\/www.europesays.com\/fr\/323781\/","title":{"rendered":"pr\u00e9visions du dimanche 17 ao\u00fbt 2025"},"content":{"rendered":"<p>Rennes va \u00eatre baign\u00e9e de soleil durant cette journ\u00e9e. Les maximales pourront atteindre 36\u00b0C et les minimales seront de 16\u00b0C. Un vent d&rsquo;est rafra\u00eechira sensiblement l&rsquo;atmosph\u00e8re. Le matin, de tr\u00e8s fortes chaleurs (entre 18\u00b0C et 31\u00b0C) sont annonc\u00e9es. L&rsquo;apr\u00e8s-midi, c&rsquo;est une hausse de plusieurs degr\u00e9s que vont conna\u00eetre les temp\u00e9ratures. Les valeurs \u00e9volueront entre 33 et 36\u2009\u00b0C. La ville va conna\u00eetre, le soir, un passage d&rsquo;importantes chaleurs avec des temp\u00e9ratures qui rejoindront parfois les 34\u00b0C. Une nuit claire vous attendra entre dimanche et lundi.<\/p>\n<p>Demain, \u00e0 Rennes, l&rsquo;apparition du soleil sera retard\u00e9e par quelques nuages. Une baisse des temp\u00e9ratures est \u00e0 pr\u00e9voir. Les valeurs maximales attendues sont \u00e9lev\u00e9es, avec 33\u00b0C. Les temp\u00e9ratures seront comprises entre 17 et 33\u00b0C. Un l\u00e9ger vent de sud-est sera ressenti par les habitants. En revanche, la m\u00e9t\u00e9o va doucement s&rsquo;am\u00e9liorer dans la matin\u00e9e et laisser place \u00e0 des \u00e9claircies. Il va y avoir des nuages avant que le soleil ne puisse faire son apparition lors de l&rsquo;apr\u00e8s-midi. Il faudra anticiper des perturbations, les Rennais se retrouveront sous des pluies \u00e9parses. D&rsquo;un autre c\u00f4t\u00e9, les temp\u00e9ratures vont enregistrer une augmentation de plusieurs degr\u00e9s. Les grosses chaleurs sont install\u00e9es. Avec des valeurs situ\u00e9es entre 30 et 33\u00b0C. L&rsquo;\u00e9pisode de fortes chaleurs est bien l\u00e0, avec des temp\u00e9ratures qui risqueront de monter jusqu&rsquo;\u00e0 31\u00b0C demain soir.<\/p>\n<p>Des changements sont pr\u00e9vus les prochains jours. Une d\u00e9gradation est annonc\u00e9e mercredi, tandis que la journ\u00e9e de mardi aura \u00e9t\u00e9 ensoleill\u00e9e.<\/p>\n<p>Evitez de vous exposer aux heures les plus chaudes (entre 12h et 16h), couvrez-vous la t\u00eate, mettez des lunettes de soleil et utilisez un \u00e9cran solaire adapt\u00e9 !<\/p>\n","protected":false},"excerpt":{"rendered":"Rennes va \u00eatre baign\u00e9e de soleil durant cette journ\u00e9e. Les maximales pourront atteindre 36\u00b0C et les minimales seront&hellip;\n","protected":false},"author":2,"featured_media":323782,"comment_status":"","ping_status":"","sticky":false,"template":"","format":"standard","meta":{"footnotes":""},"categories":[2821],"tags":[1111,11,829,1777,674,1011,27,848,12,2119,584,25],"class_list":{"0":"post-323781","1":"post","2":"type-post","3":"status-publish","4":"format-standard","5":"has-post-thumbnail","7":"category-rennes","8":"tag-actu","9":"tag-actualites","10":"tag-bretagne","11":"tag-eu","12":"tag-europe","13":"tag-fr","14":"tag-france","15":"tag-ille-et-vilaine","16":"tag-news","17":"tag-previsions-meteo","18":"tag-rennes","19":"tag-republique-francaise"},"share_on_mastodon":{"url":"https:\/\/pubeurope.com\/@fr\/115041066267393010","error":""},"_links":{"self":[{"href":"https:\/\/www.europesays.com\/fr\/wp-json\/wp\/v2\/posts\/323781","targetHints":{"allow":["GET"]}}],"collection":[{"href":"https:\/\/www.europesays.com\/fr\/wp-json\/wp\/v2\/posts"}],"about":[{"href":"https:\/\/www.europesays.com\/fr\/wp-json\/wp\/v2\/types\/post"}],"author":[{"embeddable":true,"href":"https:\/\/www.europesays.com\/fr\/wp-json\/wp\/v2\/users\/2"}],"replies":[{"embeddable":true,"href":"https:\/\/www.europesays.com\/fr\/wp-json\/wp\/v2\/comments?post=323781"}],"version-history":[{"count":0,"href":"https:\/\/www.europesays.com\/fr\/wp-json\/wp\/v2\/posts\/323781\/revisions"}],"wp:featuredmedia":[{"embeddable":true,"href":"https:\/\/www.europesays.com\/fr\/wp-json\/wp\/v2\/media\/323782"}],"wp:attachment":[{"href":"https:\/\/www.europesays.com\/fr\/wp-json\/wp\/v2\/media?parent=323781"}],"wp:term":[{"taxonomy":"category","embeddable":true,"href":"https:\/\/www.europesays.com\/fr\/wp-json\/wp\/v2\/categories?post=323781"},{"taxonomy":"post_tag","embeddable":true,"href":"https:\/\/www.europesays.com\/fr\/wp-json\/wp\/v2\/tags?post=323781"}],"curies":[{"name":"wp","href":"https:\/\/api.w.org\/{rel}","templated":true}]}}