{"id":323783,"date":"2025-08-16T23:35:11","date_gmt":"2025-08-16T23:35:11","guid":{"rendered":"https:\/\/www.europesays.com\/fr\/323783\/"},"modified":"2025-08-16T23:35:11","modified_gmt":"2025-08-16T23:35:11","slug":"previsions-du-dimanche-17-aout-2025-2","status":"publish","type":"post","link":"https:\/\/www.europesays.com\/fr\/323783\/","title":{"rendered":"pr\u00e9visions du dimanche 17 ao\u00fbt 2025"},"content":{"rendered":"<p>Un superbe soleil va briller sur Strasbourg et ce, tout au long de la journ\u00e9e. On pr\u00e9voit des temp\u00e9ratures avoisinant 22\u00b0C. Un vent de nord-est rafra\u00eechira un peu l&rsquo;atmosph\u00e8re. Les temp\u00e9ratures vont conna\u00eetre une hausse de plusieurs degr\u00e9s pendant l&rsquo;apr\u00e8s-midi. Les valeurs afficheront entre 26 et 28\u00b0C. Les temp\u00e9ratures avoisineront les 21\u00b0C au cours de la soir\u00e9e. On pr\u00e9voit une nuit claire entre dimanche et lundi.<\/p>\n<p>Un bel ensoleillement est pr\u00e9vu demain \u00e0 Strasbourg. Les valeurs s&rsquo;\u00e9chelonneront entre 14 et 29\u00b0C. Un modeste vent de nord-est sera ressenti par les habitants. La m\u00e9t\u00e9o va se r\u00e9chauffer demain apr\u00e8s-midi avec une augmentation de plusieurs degr\u00e9s. Les temp\u00e9ratures s&rsquo;\u00e9chelonneront de 28 \u00e0 29\u00b0C.<\/p>\n<p>Les conditions m\u00e9t\u00e9orologiques des journ\u00e9es qui suivent vont \u00e9voluer peu \u00e0 peu. La m\u00e9t\u00e9o perdurera mardi mais une d\u00e9gradation s&rsquo;ensuivra mercredi.<\/p>\n<p><\/p>\n","protected":false},"excerpt":{"rendered":"Un superbe soleil va briller sur Strasbourg et ce, tout au long de la journ\u00e9e. On pr\u00e9voit des&hellip;\n","protected":false},"author":2,"featured_media":323784,"comment_status":"","ping_status":"","sticky":false,"template":"","format":"standard","meta":{"footnotes":""},"categories":[2820],"tags":[1111,11,2389,2649,1777,674,1011,27,775,12,2119,25,640],"class_list":{"0":"post-323783","1":"post","2":"type-post","3":"status-publish","4":"format-standard","5":"has-post-thumbnail","7":"category-strasbourg","8":"tag-actu","9":"tag-actualites","10":"tag-alsace","11":"tag-bas-rhin","12":"tag-eu","13":"tag-europe","14":"tag-fr","15":"tag-france","16":"tag-grand-est","17":"tag-news","18":"tag-previsions-meteo","19":"tag-republique-francaise","20":"tag-strasbourg"},"share_on_mastodon":{"url":"https:\/\/pubeurope.com\/@fr\/115041070252057467","error":""},"_links":{"self":[{"href":"https:\/\/www.europesays.com\/fr\/wp-json\/wp\/v2\/posts\/323783","targetHints":{"allow":["GET"]}}],"collection":[{"href":"https:\/\/www.europesays.com\/fr\/wp-json\/wp\/v2\/posts"}],"about":[{"href":"https:\/\/www.europesays.com\/fr\/wp-json\/wp\/v2\/types\/post"}],"author":[{"embeddable":true,"href":"https:\/\/www.europesays.com\/fr\/wp-json\/wp\/v2\/users\/2"}],"replies":[{"embeddable":true,"href":"https:\/\/www.europesays.com\/fr\/wp-json\/wp\/v2\/comments?post=323783"}],"version-history":[{"count":0,"href":"https:\/\/www.europesays.com\/fr\/wp-json\/wp\/v2\/posts\/323783\/revisions"}],"wp:featuredmedia":[{"embeddable":true,"href":"https:\/\/www.europesays.com\/fr\/wp-json\/wp\/v2\/media\/323784"}],"wp:attachment":[{"href":"https:\/\/www.europesays.com\/fr\/wp-json\/wp\/v2\/media?parent=323783"}],"wp:term":[{"taxonomy":"category","embeddable":true,"href":"https:\/\/www.europesays.com\/fr\/wp-json\/wp\/v2\/categories?post=323783"},{"taxonomy":"post_tag","embeddable":true,"href":"https:\/\/www.europesays.com\/fr\/wp-json\/wp\/v2\/tags?post=323783"}],"curies":[{"name":"wp","href":"https:\/\/api.w.org\/{rel}","templated":true}]}}