{"id":323785,"date":"2025-08-16T23:36:15","date_gmt":"2025-08-16T23:36:15","guid":{"rendered":"https:\/\/www.europesays.com\/fr\/323785\/"},"modified":"2025-08-16T23:36:15","modified_gmt":"2025-08-16T23:36:15","slug":"fc-metz-le-groupe-messin-pour-le-derby-face-au-rc-strasbourg","status":"publish","type":"post","link":"https:\/\/www.europesays.com\/fr\/323785\/","title":{"rendered":"FC Metz : Le groupe messin pour le derby face au RC Strasbourg"},"content":{"rendered":"<p>Le technicien breton devra faire sans son capitaine Gauthier Hein (suspendu), Malick Mbaye (pied) et Joseph Mangondo (genou). L\u2019ex-entra\u00eeneur de Concarneau a d\u00e9cid\u00e9 de se passer des services de Yannis Lawson, Jo\u00ebl Asoro et Isma\u00ebl Guerti. \u00c0 noter la premi\u00e8re convocation de Cl\u00e9o M\u00e9li\u00e8res et Brian Madjo. Les deux jeunes du centre de formation auront peut-\u00eatre l\u2019occasion de disputer leurs premi\u00e8res minutes en Ligue 1 McDonald\u2019s avec Metz.<\/p>\n<p>Le groupe messin :<\/p>\n<p>Fischer, Sy \u2013 Colin, Mboula, Gbamin, Kouao, San\u00e9, Van Den Kerkhof, M\u00e9li\u00e8res \u2013 Deminguet, Nduquidi, Stambouli, Tour\u00e9 \u2013 Tsitaishvili, Abuashvili, Bokele, Gueye, Sabaly, San\u00e9, Madjo<\/p>\n","protected":false},"excerpt":{"rendered":"Le technicien breton devra faire sans son capitaine Gauthier Hein (suspendu), Malick Mbaye (pied) et Joseph Mangondo (genou).&hellip;\n","protected":false},"author":2,"featured_media":323786,"comment_status":"","ping_status":"","sticky":false,"template":"","format":"standard","meta":{"footnotes":""},"categories":[2820],"tags":[1111,11,1777,674,1011,27,775,12,25,640],"class_list":{"0":"post-323785","1":"post","2":"type-post","3":"status-publish","4":"format-standard","5":"has-post-thumbnail","7":"category-strasbourg","8":"tag-actu","9":"tag-actualites","10":"tag-eu","11":"tag-europe","12":"tag-fr","13":"tag-france","14":"tag-grand-est","15":"tag-news","16":"tag-republique-francaise","17":"tag-strasbourg"},"share_on_mastodon":{"url":"https:\/\/pubeurope.com\/@fr\/115041074070806431","error":""},"_links":{"self":[{"href":"https:\/\/www.europesays.com\/fr\/wp-json\/wp\/v2\/posts\/323785","targetHints":{"allow":["GET"]}}],"collection":[{"href":"https:\/\/www.europesays.com\/fr\/wp-json\/wp\/v2\/posts"}],"about":[{"href":"https:\/\/www.europesays.com\/fr\/wp-json\/wp\/v2\/types\/post"}],"author":[{"embeddable":true,"href":"https:\/\/www.europesays.com\/fr\/wp-json\/wp\/v2\/users\/2"}],"replies":[{"embeddable":true,"href":"https:\/\/www.europesays.com\/fr\/wp-json\/wp\/v2\/comments?post=323785"}],"version-history":[{"count":0,"href":"https:\/\/www.europesays.com\/fr\/wp-json\/wp\/v2\/posts\/323785\/revisions"}],"wp:featuredmedia":[{"embeddable":true,"href":"https:\/\/www.europesays.com\/fr\/wp-json\/wp\/v2\/media\/323786"}],"wp:attachment":[{"href":"https:\/\/www.europesays.com\/fr\/wp-json\/wp\/v2\/media?parent=323785"}],"wp:term":[{"taxonomy":"category","embeddable":true,"href":"https:\/\/www.europesays.com\/fr\/wp-json\/wp\/v2\/categories?post=323785"},{"taxonomy":"post_tag","embeddable":true,"href":"https:\/\/www.europesays.com\/fr\/wp-json\/wp\/v2\/tags?post=323785"}],"curies":[{"name":"wp","href":"https:\/\/api.w.org\/{rel}","templated":true}]}}