{"id":323795,"date":"2025-08-16T23:43:09","date_gmt":"2025-08-16T23:43:09","guid":{"rendered":"https:\/\/www.europesays.com\/fr\/323795\/"},"modified":"2025-08-16T23:43:09","modified_gmt":"2025-08-16T23:43:09","slug":"previsions-du-dimanche-17-aout-2025-6","status":"publish","type":"post","link":"https:\/\/www.europesays.com\/fr\/323795\/","title":{"rendered":"pr\u00e9visions du dimanche 17 ao\u00fbt 2025"},"content":{"rendered":"<p>C&rsquo;est un soleil splendide qui va se montrer aujourd&rsquo;hui sur Toulouse. Les valeurs s&rsquo;\u00e9chelonneront entre 19 et 40\u00b0C. Un vent de nord-ouest soufflera doucement. La ville va conna\u00eetre, le matin, un passage de grosses chaleurs avec des temp\u00e9ratures qui rejoindront parfois les 35\u00b0C. Un temps plus chaud est pr\u00e9vu l&rsquo;apr\u00e8s-midi puisque le mercure va conna\u00eetre une hausse. De tr\u00e8s fortes chaleurs (entre 38\u00b0C et 40\u00b0C) sont attendues. Prenez garde \u00e0 la vague de chaleur dans la soir\u00e9e. Des valeurs de 30 \u00e0 38\u00b0C sont pr\u00e9vues. Durant la nuit de dimanche \u00e0 lundi, le ciel sera limpide.<\/p>\n<p>Demain, les Toulousains vont pouvoir profiter d&rsquo;un soleil magnifique. Une baisse des temp\u00e9ratures est \u00e0 pr\u00e9voir. Les importantes chaleurs sont pr\u00e9sentes. Avec des temp\u00e9ratures situ\u00e9es entre 18 et 36\u00b0C. Les valeurs afficheront entre 18 et 36\u00b0C. Un vent de nord-ouest rafra\u00eechira l\u00e9g\u00e8rement l&rsquo;atmosph\u00e8re. Les temp\u00e9ratures maximales annonc\u00e9es le matin sont \u00e9lev\u00e9es, avec 30\u00b0C. On pr\u00e9voit des valeurs avoisinant 25\u00b0C. Les temp\u00e9ratures vont enregistrer une augmentation de plusieurs degr\u00e9s dans l&rsquo;apr\u00e8s-midi. La p\u00e9riode de grosses chaleurs est bien l\u00e0, avec des temp\u00e9ratures qui risqueront de monter jusqu&rsquo;\u00e0 36\u00b0C. Demain soir, la m\u00e9t\u00e9o sera ponctu\u00e9e par des pluies \u00e9parses. Il va faire environ 23\u00b0C.<\/p>\n<p>Les conditions m\u00e9t\u00e9orologiques vont se d\u00e9grader dans les jours suivants. Pr\u00e9voyez 29\u00b0C en moyenne qui accompagneront des journ\u00e9es pluvieuses.<\/p>\n<p><\/p>\n","protected":false},"excerpt":{"rendered":"C&rsquo;est un soleil splendide qui va se montrer aujourd&rsquo;hui sur Toulouse. Les valeurs s&rsquo;\u00e9chelonneront entre 19 et 40\u00b0C.&hellip;\n","protected":false},"author":2,"featured_media":323796,"comment_status":"","ping_status":"","sticky":false,"template":"","format":"standard","meta":{"footnotes":""},"categories":[2816],"tags":[1111,11,1777,674,1011,27,2722,2721,12,2680,2119,25,2312],"class_list":{"0":"post-323795","1":"post","2":"type-post","3":"status-publish","4":"format-standard","5":"has-post-thumbnail","7":"category-toulouse","8":"tag-actu","9":"tag-actualites","10":"tag-eu","11":"tag-europe","12":"tag-fr","13":"tag-france","14":"tag-haute-garonne","15":"tag-midi-pyrenees","16":"tag-news","17":"tag-occitanie","18":"tag-previsions-meteo","19":"tag-republique-francaise","20":"tag-toulouse"},"share_on_mastodon":{"url":"https:\/\/pubeurope.com\/@fr\/115041101690719721","error":""},"_links":{"self":[{"href":"https:\/\/www.europesays.com\/fr\/wp-json\/wp\/v2\/posts\/323795","targetHints":{"allow":["GET"]}}],"collection":[{"href":"https:\/\/www.europesays.com\/fr\/wp-json\/wp\/v2\/posts"}],"about":[{"href":"https:\/\/www.europesays.com\/fr\/wp-json\/wp\/v2\/types\/post"}],"author":[{"embeddable":true,"href":"https:\/\/www.europesays.com\/fr\/wp-json\/wp\/v2\/users\/2"}],"replies":[{"embeddable":true,"href":"https:\/\/www.europesays.com\/fr\/wp-json\/wp\/v2\/comments?post=323795"}],"version-history":[{"count":0,"href":"https:\/\/www.europesays.com\/fr\/wp-json\/wp\/v2\/posts\/323795\/revisions"}],"wp:featuredmedia":[{"embeddable":true,"href":"https:\/\/www.europesays.com\/fr\/wp-json\/wp\/v2\/media\/323796"}],"wp:attachment":[{"href":"https:\/\/www.europesays.com\/fr\/wp-json\/wp\/v2\/media?parent=323795"}],"wp:term":[{"taxonomy":"category","embeddable":true,"href":"https:\/\/www.europesays.com\/fr\/wp-json\/wp\/v2\/categories?post=323795"},{"taxonomy":"post_tag","embeddable":true,"href":"https:\/\/www.europesays.com\/fr\/wp-json\/wp\/v2\/tags?post=323795"}],"curies":[{"name":"wp","href":"https:\/\/api.w.org\/{rel}","templated":true}]}}