{"id":323801,"date":"2025-08-16T23:46:24","date_gmt":"2025-08-16T23:46:24","guid":{"rendered":"https:\/\/www.europesays.com\/fr\/323801\/"},"modified":"2025-08-16T23:46:24","modified_gmt":"2025-08-16T23:46:24","slug":"que-faire-le-dimanche-17-aout-a-lille-et-autour-voici-10-idees-de-sorties","status":"publish","type":"post","link":"https:\/\/www.europesays.com\/fr\/323801\/","title":{"rendered":"Que faire le dimanche 17 ao\u00fbt \u00e0 Lille et autour ? Voici 10 id\u00e9es de sorties"},"content":{"rendered":"<p>            Par<br \/>\n        <strong><br \/>\n            <a href=\"https:\/\/actu.fr\/auteur\/raphael-mahlmann\" title=\"Consulter tous les articles de Rapha\u00ebl Mahlmann\" rel=\"nofollow noopener\" target=\"_blank\">Rapha\u00ebl Mahlmann<\/a><br \/>\n        <\/strong><\/p>\n<p>        Publi\u00e9 le<\/p>\n<p>            16 ao\u00fbt 2025 \u00e0 15h28        <\/p>\n<p>Ce n\u2019est pas toujours facile de trouver une activit\u00e9 \u00e0 faire le week-end. Pour vous aider dans vos recherches, on a s\u00e9lectionn\u00e9 10 id\u00e9es de sorties \u00e0 Lille et autour pour ce <b>dimanche <\/b><b>17\u00a0ao\u00fbt 2025.<\/b><b\/><\/p>\n<p>Les id\u00e9es de sorties<\/p>\n<p class=\" wall-content\"><b>\u2013 <\/b><b><a href=\"https:\/\/actu.fr\/hauts-de-france\/lille_59350\/lille-mama-shelter-fait-grimper-la-temperature-avec-son-brunch-grillade-du-dimanche-toujours-a-volonte_62912618.html\" rel=\"nofollow noopener\" target=\"_blank\">Lille. Mama Shelter fait grimper la temp\u00e9rature avec son brunch-grillades du dimanche, toujours \u00e0 volont\u00e9<\/a><\/b><\/p>\n<p class=\" wall-content\">Fini les brunchs classiques cet \u00e9t\u00e9 au Mama Shelter de Lille. Jusqu\u2019au 17\u00a0ao\u00fbt 2025, le resto de l\u2019h\u00f4tel passe chaque dimanche en mode \u00ab\u2009Hot Grill\u2009\u00bb avec des grillades \u00e0 volont\u00e9.<\/p>\n<p class=\" wall-content\"><b>\u2013 <\/b><b><a href=\"https:\/\/actu.fr\/hauts-de-france\/armentieres_59017\/metropole-de-lille-le-parc-des-pres-du-hem-rouvre-sa-zone-de-baignade-avec-une-jauge-limitee_62965020.html\" rel=\"nofollow noopener\" target=\"_blank\">M\u00e9tropole de Lille. Le parc des Pr\u00e9s du Hem rouvre sa zone de baignade avec une jauge limit\u00e9e<\/a><\/b><\/p>\n<p class=\" wall-content\">Le parc des Pr\u00e9s du Hem \u00e0 Armenti\u00e8res (Nord), dans la m\u00e9tropole lilloise, a rouvert sa zone de baignade, avec une jauge de visiteurs limit\u00e9e.<\/p>\n<p class=\" wall-content\"><b>\u2013 <a href=\"https:\/\/actu.fr\/hauts-de-france\/lille_59350\/lambersart-tourcoing-wambrechies-les-guinguettes-de-lete-dans-la-metropole-de-lille_62883231.html\" rel=\"nofollow noopener\" target=\"_blank\">Lambersart, Tourcoing, Wambrechies\u2026 Les guinguettes de l\u2019\u00e9t\u00e9, dans la m\u00e9tropole de Lille<\/a><\/b><\/p>\n<p class=\" wall-content\">Envie de \u00ab\u2009chiller\u2009\u00bb dans un cadre sympathique et en marge du tumulte de la journ\u00e9e en ville\u2009? Plusieurs guinguettes sont ouvertes dans la m\u00e9tropole de Lille, pour l\u2019\u00e9t\u00e9 2025.<\/p>\n<p class=\" wall-content\"><b>\u2013 <a href=\"https:\/\/actu.fr\/hauts-de-france\/lille_59350\/simulateur-de-grand-8-mario-kart-grandeur-nature-follow-park-un-mini-disneyland-ouvre-a-lille_61622193.html\" rel=\"nofollow noopener\" target=\"_blank\">Simulateur de grand 8, Mario Kart grandeur nature\u2026 Follow Park, \u00ab\u2009un mini Disneyland\u2009\u00bb ouvre \u00e0 Lille<\/a><\/b><\/p>\n<p class=\" wall-content\">D\u00e9couvrez en images Follow Park, un gigantesque parc de loisirs en plein c\u0153ur de Lille (Nord) et ses 4\u2009200 m\u00b2 de jeux d\u2019arcade, en r\u00e9alit\u00e9 virtuelle, d\u2019escape game\u2026 On a visit\u00e9\u2009!<\/p>\n<p class=\" wall-content\"><b>\u2013 <a href=\"https:\/\/actu.fr\/hauts-de-france\/villeneuve-d-ascq_59009\/decouvrez-palomano-le-parc-de-jeux-pour-les-enfants-et-les-parents-qui-ouvre-a-villeneuve-dascq_62781849.html\" rel=\"nofollow noopener\" target=\"_blank\">D\u00e9couvrez Palomano, le parc de jeux pour les enfants (et les parents\u2009!) qui ouvre \u00e0 Villeneuve-d\u2019Ascq<\/a><\/b><\/p>\n<p class=\" wall-content\">Le parc de loisirs Palomano a ouvert ses portes \u00e0 La Maillerie, \u00e0 Villeneuve-d\u2019Ascq. Dans cette mini-ville immersive, les enfants jouent \u00e0 \u00ab\u2009faire les grands\u2009\u00bb.<\/p>\n<p class=\" wall-content\"><b>\u2013 <a href=\"https:\/\/actu.fr\/hauts-de-france\/lille_59350\/que-faire-le-dimanche-18-mai-du-cote-de-lille-10-idees-de-sorties_62650440.html\" rel=\"nofollow noopener\" target=\"_blank\">Expo \u00ab\u2009M\u00e9tal Hurlant\u2009\u00bb\u2009: plus que de la bande dessin\u00e9e, un art de vivre \u00ab\u2009rock\u2019n\u2019roll\u2009\u00bb<\/a><\/b><\/p>\n<p class=\" wall-content\">Jusqu\u2019au 27\u00a0septembre, l\u2019ancien Hospice d\u2019Havr\u00e9 \u00e0 Tourcoing se met \u00e0 la bande dessin\u00e9e et \u00e0 l\u2019esprit \u00ab\u2009rock\u2019n\u2019roll\u2009\u00bb avec une exposition d\u00e9di\u00e9e \u00e0 la revue \u00ab\u2009M\u00e9tal Hurlant\u2009\u00bb.<\/p>\n<p class=\" wall-content\"><b>\u2013 <a href=\"https:\/\/actu.fr\/hauts-de-france\/lille_59350\/les-expositions-de-lille3000-poursuivent-lesprit-fiesta-a-lille_62683032.html\" rel=\"nofollow noopener\" target=\"_blank\">Les expositions de lille3000 poursuivent l\u2019esprit \u00ab\u2009Fiesta\u2009\u00bb \u00e0 Lille\u2009!<\/a><\/b><\/p>\n<p class=\" wall-content\">Apr\u00e8s la parade \u00ab\u2009Fiesta\u2009\u00bb \u00e0 Lille (Nord), restent les expos. Elles sont ouvertes jusqu\u2019\u00e0 la fin de l\u2019\u00e9t\u00e9. Beaucoup sont embl\u00e9matiques et m\u00e9ritent une visite compl\u00e8te.<\/p>\n<p class=\" wall-content\"><b>\u2013 <\/b><b><a href=\"https:\/\/actu.fr\/hauts-de-france\/esquelbecq_59210\/balade-les-jardins-du-chateau-desquelbecq-rouvrent-leurs-portes-pour-la-saison-2025_62601404.html\" rel=\"nofollow noopener\" target=\"_blank\">Balade\u2009: les jardins du ch\u00e2teau d\u2019Esquelbecq rouvrent leurs portes pour la saison 2025<\/a><\/b><\/p>\n<p class=\" wall-content\">Samedi 10\u00a0mai 2025, les jardins du ch\u00e2teau d\u2019Esquelbecq rouvrent leurs portes aux visiteurs pour la saison 2025. Pr\u00e9cisions.<\/p>\n<p class=\" wall-content\"><b>\u2013<\/b> <b><a href=\"https:\/\/actu.fr\/hauts-de-france\/saint-amand-les-eaux_59526\/saint-amand-les-eaux-decouvrez-les-incroyables-tresors-du-musee-de-la-tour-abbatiale_62872623.html\" rel=\"nofollow noopener\" target=\"_blank\">Saint-Amand-Les-Eaux\u2009: d\u00e9couvrez les incroyables tr\u00e9sors du Mus\u00e9e de la Tour abbatiale<\/a><\/b><\/p>\n<p class=\" wall-content\">Une invitation au voyage dans le temps et l\u2019espace. Voici comment d\u00e9crire la visite du Mus\u00e9e de la Tour abbatiale \u00e0 Saint-Amand-les-Eaux (Nord).<\/p>\n<p class=\" wall-content\"><b>\u2013 <a href=\"https:\/\/actu.fr\/hauts-de-france\/lille_59350\/lille-profitez-dune-croisiere-sur-la-deule-en-embarquant-a-bord-de-ce-bateau_62860205.html\" rel=\"nofollow noopener\" target=\"_blank\">Lille. Profitez d\u2019une croisi\u00e8re sur la De\u00fble en embarquant \u00e0 bord de ce bateau<\/a><\/b><\/p>\n<p class=\" wall-content\">Cet \u00e9t\u00e9 et jusqu\u2019au 31\u00a0octobre 2025, le bateau promenade Le Moussaillon propose des croisi\u00e8res comment\u00e9es sur la De\u00fble, au d\u00e9part de la Citadelle de Lille.<\/p>\n<p class=\" wall-content\">Et cette liste est loin d\u2019\u00eatre exhaustive\u2009!<\/p>\n<p class=\" wall-content\">Suivez toute l\u2019actualit\u00e9 de vos villes et m\u00e9dias favoris en vous inscrivant \u00e0 <a href=\"https:\/\/moncompte.actu.fr\" title=\"D\u00e9couvez Mon Actu\" rel=\"nofollow noopener\" data-trk=\"{&quot;cta&quot;:{&quot;action&quot;:&quot;https:\\\/\\\/moncompte.actu.fr&quot;,&quot;category&quot;:&quot;mon compte&quot;,&quot;from&quot;:&quot;article footer&quot;,&quot;name&quot;:&quot;Mon actu&quot;,&quot;type&quot;:&quot;cta&quot;}}\" target=\"_blank\">Mon Actu<\/a>.<\/p>\n","protected":false},"excerpt":{"rendered":"Par Rapha\u00ebl Mahlmann Publi\u00e9 le 16 ao\u00fbt 2025 \u00e0 15h28 Ce n\u2019est pas toujours facile de trouver une&hellip;\n","protected":false},"author":2,"featured_media":323802,"comment_status":"","ping_status":"","sticky":false,"template":"","format":"standard","meta":{"footnotes":""},"categories":[2815],"tags":[1111,11,1063,1777,674,1011,27,811,1307,12,25,104],"class_list":{"0":"post-323801","1":"post","2":"type-post","3":"status-publish","4":"format-standard","5":"has-post-thumbnail","7":"category-lille","8":"tag-actu","9":"tag-actualites","10":"tag-animations","11":"tag-eu","12":"tag-europe","13":"tag-fr","14":"tag-france","15":"tag-hauts-de-france","16":"tag-lille","17":"tag-news","18":"tag-republique-francaise","19":"tag-societe"},"share_on_mastodon":{"url":"https:\/\/pubeurope.com\/@fr\/115041113414909117","error":""},"_links":{"self":[{"href":"https:\/\/www.europesays.com\/fr\/wp-json\/wp\/v2\/posts\/323801","targetHints":{"allow":["GET"]}}],"collection":[{"href":"https:\/\/www.europesays.com\/fr\/wp-json\/wp\/v2\/posts"}],"about":[{"href":"https:\/\/www.europesays.com\/fr\/wp-json\/wp\/v2\/types\/post"}],"author":[{"embeddable":true,"href":"https:\/\/www.europesays.com\/fr\/wp-json\/wp\/v2\/users\/2"}],"replies":[{"embeddable":true,"href":"https:\/\/www.europesays.com\/fr\/wp-json\/wp\/v2\/comments?post=323801"}],"version-history":[{"count":0,"href":"https:\/\/www.europesays.com\/fr\/wp-json\/wp\/v2\/posts\/323801\/revisions"}],"wp:featuredmedia":[{"embeddable":true,"href":"https:\/\/www.europesays.com\/fr\/wp-json\/wp\/v2\/media\/323802"}],"wp:attachment":[{"href":"https:\/\/www.europesays.com\/fr\/wp-json\/wp\/v2\/media?parent=323801"}],"wp:term":[{"taxonomy":"category","embeddable":true,"href":"https:\/\/www.europesays.com\/fr\/wp-json\/wp\/v2\/categories?post=323801"},{"taxonomy":"post_tag","embeddable":true,"href":"https:\/\/www.europesays.com\/fr\/wp-json\/wp\/v2\/tags?post=323801"}],"curies":[{"name":"wp","href":"https:\/\/api.w.org\/{rel}","templated":true}]}}