{"id":323803,"date":"2025-08-16T23:47:11","date_gmt":"2025-08-16T23:47:11","guid":{"rendered":"https:\/\/www.europesays.com\/fr\/323803\/"},"modified":"2025-08-16T23:47:11","modified_gmt":"2025-08-16T23:47:11","slug":"previsions-du-dimanche-17-aout-2025-8","status":"publish","type":"post","link":"https:\/\/www.europesays.com\/fr\/323803\/","title":{"rendered":"pr\u00e9visions du dimanche 17 ao\u00fbt 2025"},"content":{"rendered":"<p>Un superbe soleil brillera sur Marseille, o\u00f9 la journ\u00e9e s&rsquo;annoncera des plus agr\u00e9ables. Les temp\u00e9ratures afficheront entre 26 et 32\u00b0C. La ville va conna\u00eetre, le matin, un passage de grosses chaleurs avec des valeurs qui atteindront parfois les 31\u00b0C. Les maximales pourront atteindre 31\u00b0C tandis que les minimales seront de 27\u00b0C. Un vent de nord-ouest rafra\u00eechira un peu l&rsquo;atmosph\u00e8re. La p\u00e9riode de fortes chaleurs est bien l\u00e0, avec des temp\u00e9ratures qui pourront monter jusqu&rsquo;\u00e0 32\u00b0C l&rsquo;apr\u00e8s-midi. Prenez garde \u00e0 la vague de chaleur dans la soir\u00e9e. Des valeurs de 30 \u00e0 31\u00b0C sont pr\u00e9vues. Les temp\u00e9ratures s&rsquo;\u00e9chelonneront entre 30\u00b0C et 31\u00b0C. Durant votre sommeil, dans la nuit de dimanche \u00e0 lundi, le ciel sera clair.<\/p>\n<p>Demain, les Marseillais vont pouvoir profiter d&rsquo;un soleil radieux. Une chute des temp\u00e9ratures est pr\u00e9vue. La ville va souffrir d&rsquo;importantes chaleurs avec des valeurs qui devraient grimper \u00e0 30\u00b0C. Il va faire 28\u00b0C en moyenne. Un petit vent de nord-est sera ressenti par les habitants. Les grosses chaleurs sont pr\u00e9sentes. Avec des temp\u00e9ratures comprises entre 26 et 30\u00b0C. Le matin, le thermom\u00e8tre affichera 28\u00b0C en moyenne. Demain apr\u00e8s-midi, les valeurs seront comprises entre 28 et 29\u00b0C.<\/p>\n<p>Pour la suite, la m\u00e9t\u00e9o ne changera pas. Il fera 28\u00b0C en moyenne pour des journ\u00e9es avec un temps ensoleill\u00e9.<\/p>\n<p>Pour se prot\u00e9ger des fortes chaleurs, il faut penser \u00e0 s&rsquo;hydrater r\u00e9guli\u00e8rement ainsi qu&rsquo;\u00e0 bien manger. Couvrez votre peau avec un t-shirt, un bob, de l&rsquo;\u00e9cran solaire et ne vous mettez pas au soleil au cours des heures les plus chaudes.<\/p>\n","protected":false},"excerpt":{"rendered":"Un superbe soleil brillera sur Marseille, o\u00f9 la journ\u00e9e s&rsquo;annoncera des plus agr\u00e9ables. Les temp\u00e9ratures afficheront entre 26&hellip;\n","protected":false},"author":2,"featured_media":323804,"comment_status":"","ping_status":"","sticky":false,"template":"","format":"standard","meta":{"footnotes":""},"categories":[2814],"tags":[1111,11,885,1777,674,1011,27,884,12,883,2119,882,25],"class_list":{"0":"post-323803","1":"post","2":"type-post","3":"status-publish","4":"format-standard","5":"has-post-thumbnail","7":"category-marseille","8":"tag-actu","9":"tag-actualites","10":"tag-bouches-du-rhone","11":"tag-eu","12":"tag-europe","13":"tag-fr","14":"tag-france","15":"tag-marseille","16":"tag-news","17":"tag-paca","18":"tag-previsions-meteo","19":"tag-provence-alpes-cote-dazur","20":"tag-republique-francaise"},"share_on_mastodon":{"url":"https:\/\/pubeurope.com\/@fr\/115041117374897765","error":""},"_links":{"self":[{"href":"https:\/\/www.europesays.com\/fr\/wp-json\/wp\/v2\/posts\/323803","targetHints":{"allow":["GET"]}}],"collection":[{"href":"https:\/\/www.europesays.com\/fr\/wp-json\/wp\/v2\/posts"}],"about":[{"href":"https:\/\/www.europesays.com\/fr\/wp-json\/wp\/v2\/types\/post"}],"author":[{"embeddable":true,"href":"https:\/\/www.europesays.com\/fr\/wp-json\/wp\/v2\/users\/2"}],"replies":[{"embeddable":true,"href":"https:\/\/www.europesays.com\/fr\/wp-json\/wp\/v2\/comments?post=323803"}],"version-history":[{"count":0,"href":"https:\/\/www.europesays.com\/fr\/wp-json\/wp\/v2\/posts\/323803\/revisions"}],"wp:featuredmedia":[{"embeddable":true,"href":"https:\/\/www.europesays.com\/fr\/wp-json\/wp\/v2\/media\/323804"}],"wp:attachment":[{"href":"https:\/\/www.europesays.com\/fr\/wp-json\/wp\/v2\/media?parent=323803"}],"wp:term":[{"taxonomy":"category","embeddable":true,"href":"https:\/\/www.europesays.com\/fr\/wp-json\/wp\/v2\/categories?post=323803"},{"taxonomy":"post_tag","embeddable":true,"href":"https:\/\/www.europesays.com\/fr\/wp-json\/wp\/v2\/tags?post=323803"}],"curies":[{"name":"wp","href":"https:\/\/api.w.org\/{rel}","templated":true}]}}