{"id":323805,"date":"2025-08-16T23:48:14","date_gmt":"2025-08-16T23:48:14","guid":{"rendered":"https:\/\/www.europesays.com\/fr\/323805\/"},"modified":"2025-08-16T23:48:14","modified_gmt":"2025-08-16T23:48:14","slug":"a-lom-premiere-defaite-premiers-doutes-premieres-tensions","status":"publish","type":"post","link":"https:\/\/www.europesays.com\/fr\/323805\/","title":{"rendered":"\u00e0 l\u2019OM, premi\u00e8re d\u00e9faite, premiers doutes, premi\u00e8res tensions"},"content":{"rendered":"<p>Un dur retour sur terre pour l\u2019OM, surpris \u00e0 Rennes, vendredi 15\u00a0ao\u00fbt. R\u00e9duite \u00e0 dix \u00e0 la demi-heure de jeu, la formation bretonne a puni les Marseillais en toute fin de match, sur un but de Ludovic \ufeffBlas (1-0). Les <a target=\"_self\" href=\"https:\/\/www.lanouvellerepublique.fr\/a-la-une\/ligue-1-l-ambition-de-l-om-a-l-epreuve-du-stade-rennais-pour-debuter-la-saison-1755189818\" rel=\"nofollow noopener\">six matchs de pr\u00e9paration sans d\u00e9faite<\/a>, la victoire de prestige contre Aston Villa, l\u2019enthousiasme des supporteurs, heureux des arriv\u00e9es de Pierre-Emerick Aubameyang, Igor Paixao ou Facundo Medina et de voir Roberto De Zerbi, Adrien Rabiot ou Mason Greenwood poursuivre l\u2019aventure, tout cela a \u00e9t\u00e9 balay\u00e9 en une seule soir\u00e9e\u2026<\/p>\n<p>Car \u00e0 Rennes, l\u2019OM a constat\u00e9 que, comme la saison derni\u00e8re, il n\u2019avait pas de marge face aux bonnes \u00e9quipes du championnat. En sup\u00e9riorit\u00e9 num\u00e9rique, les hommes de De Zerbi se sont ainsi heurt\u00e9s \u00e0 l\u2019excellente organisation adverse. D\u2019autant que Marseille n\u2019a que tr\u00e8s rarement acc\u00e9l\u00e9r\u00e9 le jeu, se contentant d\u2019une inoffensive possession \u00e0 bas tempo. Au bout du compte, les Olympiens ont touch\u00e9 deux poteaux, via Rabiot et Amir Murillo, mais ont surtout laiss\u00e9 des espaces de contres aux Bretons. \u00ab\u00a0Si on pense qu\u2019on est plus fort qu\u2019on ne l\u2019est et que les buts vont tomber du ciel, alors on n\u2019a rien compris\u00a0\u00bb, a regrett\u00e9 De Zerbi en conf\u00e9rence de presse.<\/p>\n<p>Faiblesses r\u00e9currentes<\/p>\n<p>En gardant son coach italien et ses principaux cadres, Marseille pensait avoir enfin su trouver un peu de continuit\u00e9. Probl\u00e8me\u00a0: celle-ci semble aussi concerner les d\u00e9fauts d\u00e9j\u00e0 identifi\u00e9s la saison derni\u00e8re. L\u2019attaque a ainsi manqu\u00e9 de tranchant, trop d\u00e9pendante de Greenwood et des combinaisons \u00e9labor\u00e9es c\u00f4t\u00e9 droit. L\u2019aile gauche a en revanche paru sinistr\u00e9e en l\u2019absence de Paixao, bless\u00e9, et d\u2019un lat\u00e9ral naturel.<\/p>\n<p>La d\u00e9fense a \u00e9galement \u00e9t\u00e9 r\u00e9guli\u00e8rement menac\u00e9e dans la profondeur, l\u00e0 o\u00f9 elle a craqu\u00e9 sur le but de Blas avec un alignement approximatif de Leonardo Balerdi. Point faible identifi\u00e9 la saison derni\u00e8re, cette arri\u00e8re-garde, p\u00e9nalis\u00e9e par la suspension de Medina, est d\u2019ailleurs apparue en plein chantier en Bretagne et De Zerbi semble encore chercher la bonne formule.<\/p>\n<p>Geoffrey Kondogbia a \u00e9t\u00e9 r\u00e9int\u00e9gr\u00e9 en charni\u00e8re avant de sortir \u00e0 la pause, Murillo et Ulisses Garcia se sont succ\u00e9d\u00e9 sans grand succ\u00e8s \u00e0 gauche alors que la recrue Cj Egan-Riley, plut\u00f4t bon, a \u00e9t\u00e9 d\u00e9plac\u00e9e de la droite \u00e0 l\u2019axe apr\u00e8s le repos.<\/p>\n<p>De fa\u00e7on g\u00e9n\u00e9rale, le mercato marseillais, salu\u00e9 par les observateurs, a \u00e9t\u00e9 largement inop\u00e9rant en Bretagne avec Medina suspendu, Paixao bless\u00e9 et Aubameyang et Angel Gomes sans impact.<\/p>\n<p>Avant le match, le directeur du football Medhi Benatia a \u00e9voqu\u00e9 plusieurs autres arriv\u00e9es possibles\u00a0: un arri\u00e8re gauche, un d\u00e9fenseur central et peut-\u00eatre un milieu de terrain.<\/p>\n<p>Le ton monte<\/p>\n<p>La frustration n\u00e9e de la d\u00e9faite et de ce match rat\u00e9 a ensuite provoqu\u00e9 un moment de forte crispation dans le vestiaire marseillais, comme l\u2019ont r\u00e9v\u00e9l\u00e9 <a target=\"_self\" href=\"https:\/\/www.francebleu.fr\/sports\/football\/info-ici-provence-om-fortes-tensions-dans-les-vestiaires-apres-la-defaite-a-rennes-on-a-des-petites-coui-es-7754220\" class=\"ext\" rel=\"nofollow noopener\">Ici Provence<\/a> et <a target=\"_self\" href=\"https:\/\/rmcsport.bfmtv.com\/football\/ligue-1\/rennes-om-ca-a-deja-chauffe-dans-le-vestiaire-marseillais-apres-la-defaite_AV-202508160182.html\" rel=\"nofollow noopener\">RMC Sport<\/a> et comme l\u2019a confirm\u00e9 \u00e0 l\u2019AFP une source au fait du d\u00e9roul\u00e9 de l\u2019apr\u00e8s-match.<\/p>\n<p>\u00ab\u00a0C\u2019\u00e9tait tr\u00e8s \u00e9lectrique et le ton est vraiment mont\u00e9\u00a0\u00bb, a expliqu\u00e9 cette source. Plusieurs cadres se sont exprim\u00e9s de fa\u00e7on v\u00e9h\u00e9mente et une explication tr\u00e8s tendue a oppos\u00e9 Rabiot et Jonathan Rowe.<\/p>\n<p>D\u00e8s la pause, le gardien Geronimo Rulli, tr\u00e8s agac\u00e9, avait regrett\u00e9 de voir ses \u00e9quipiers \u00ab\u00a0ne rien faire de ce qu\u2019on a travaill\u00e9 cette semaine\u00a0\u00bb.<\/p>\n<p>En conf\u00e9rence de presse, De Zerbi a ensuite pass\u00e9 un message qu\u2019il avait d\u00e9j\u00e0 martel\u00e9 la saison derni\u00e8re. \u00ab\u00a0Tout le monde n\u2019a pas encore compris qu\u2019il y a une qualit\u00e9 qui est la plus importante\u00a0: c\u2019est l\u2019\u00e9quilibre, d\u2019\u00eatre toujours au m\u00eame niveau, de motivation, d\u2019envie, d\u2019humilit\u00e9, de sacrifice et de travail\u00a0\u00bb, a dit le technicien italien.<\/p>\n<p>Pour lui et ses joueurs, la r\u00e9action est attendue samedi au Stade V\u00e9lodrome, avec la r\u00e9ception du Paris FC.<\/p>\n","protected":false},"excerpt":{"rendered":"Un dur retour sur terre pour l\u2019OM, surpris \u00e0 Rennes, vendredi 15\u00a0ao\u00fbt. R\u00e9duite \u00e0 dix \u00e0 la demi-heure&hellip;\n","protected":false},"author":2,"featured_media":323806,"comment_status":"","ping_status":"","sticky":false,"template":"","format":"standard","meta":{"footnotes":""},"categories":[2814],"tags":[328,1111,11,1777,674,63,1011,27,66,884,12,882,25,60],"class_list":{"0":"post-323805","1":"post","2":"type-post","3":"status-publish","4":"format-standard","5":"has-post-thumbnail","7":"category-marseille","8":"tag-a-la-une","9":"tag-actu","10":"tag-actualites","11":"tag-eu","12":"tag-europe","13":"tag-football","14":"tag-fr","15":"tag-france","16":"tag-ligue-1","17":"tag-marseille","18":"tag-news","19":"tag-provence-alpes-cote-dazur","20":"tag-republique-francaise","21":"tag-sports"},"share_on_mastodon":{"url":"https:\/\/pubeurope.com\/@fr\/115041121278582305","error":""},"_links":{"self":[{"href":"https:\/\/www.europesays.com\/fr\/wp-json\/wp\/v2\/posts\/323805","targetHints":{"allow":["GET"]}}],"collection":[{"href":"https:\/\/www.europesays.com\/fr\/wp-json\/wp\/v2\/posts"}],"about":[{"href":"https:\/\/www.europesays.com\/fr\/wp-json\/wp\/v2\/types\/post"}],"author":[{"embeddable":true,"href":"https:\/\/www.europesays.com\/fr\/wp-json\/wp\/v2\/users\/2"}],"replies":[{"embeddable":true,"href":"https:\/\/www.europesays.com\/fr\/wp-json\/wp\/v2\/comments?post=323805"}],"version-history":[{"count":0,"href":"https:\/\/www.europesays.com\/fr\/wp-json\/wp\/v2\/posts\/323805\/revisions"}],"wp:featuredmedia":[{"embeddable":true,"href":"https:\/\/www.europesays.com\/fr\/wp-json\/wp\/v2\/media\/323806"}],"wp:attachment":[{"href":"https:\/\/www.europesays.com\/fr\/wp-json\/wp\/v2\/media?parent=323805"}],"wp:term":[{"taxonomy":"category","embeddable":true,"href":"https:\/\/www.europesays.com\/fr\/wp-json\/wp\/v2\/categories?post=323805"},{"taxonomy":"post_tag","embeddable":true,"href":"https:\/\/www.europesays.com\/fr\/wp-json\/wp\/v2\/tags?post=323805"}],"curies":[{"name":"wp","href":"https:\/\/api.w.org\/{rel}","templated":true}]}}