{"id":323807,"date":"2025-08-16T23:49:12","date_gmt":"2025-08-16T23:49:12","guid":{"rendered":"https:\/\/www.europesays.com\/fr\/323807\/"},"modified":"2025-08-16T23:49:12","modified_gmt":"2025-08-16T23:49:12","slug":"sans-friture-mais-avec-piscine","status":"publish","type":"post","link":"https:\/\/www.europesays.com\/fr\/323807\/","title":{"rendered":"sans friture mais avec piscine"},"content":{"rendered":"<p>                             \u00ab\u00a0Bonjour bonjour, bienvenue \u00e0 La Binbinette \u00a0!\u00a0\u00bb La Binbinette,  c\u2019est une guinguette autrement, le long de la Sa\u00f4ne \u00e0 Rochetaill\u00e9e, sans grenouilles ni fritures mais avec une piscine et un terrain de p\u00e9tanque, qui invite \u00e0 rester pour la journ\u00e9e. C\u2019est d\u2019ailleurs le souhait de Benjamin Frank, le patron, qui a ouvert son restaurant ici en mars\u00a02019. Pourquoi ce nom\u00a0? \u00ab\u00a0Pour la guinguette de Binbin, comme me surnommait ma grand-m\u00e8re.\u00a0\u00bb \u00ab\u00a0Et oui, je sais\u00a0!\u00a0\u00bb dit-il d\u2019embl\u00e9e, devinant notre premi\u00e8re r\u00e9action\u00a0: c\u2019est le sosie quasi parfait de Micha\u00ebl Youn, l\u2019acteur-animateur-humoriste. Et niveau gouaille, il n\u2019a rien \u00e0 lui envier\u00a0! <\/p>\n<p>C\u2019est que le quadrag\u00e9naire, s\u2019il a \u00ab\u00a0toujours \u00e9t\u00e9 un passionn\u00e9 de nourriture\u00a0\u00bb, ne vient pas de la restauration\u00a0: il a \u00e9t\u00e9 directeur commercial, notamment pour le groupe GL Events, o\u00f9 il s\u2019occupait, entre autres, des restaurants. \u00ab\u00a0J\u2019y ai pass\u00e9 beaucoup de temps, tout en r\u00eavant d\u2019avoir, \u00e0 la retraite, mon propre restaurant o\u00f9 passer du bon temps avec les&#8230;<\/p>\n","protected":false},"excerpt":{"rendered":"\u00ab\u00a0Bonjour bonjour, bienvenue \u00e0 La Binbinette \u00a0!\u00a0\u00bb La Binbinette, c\u2019est une guinguette autrement, le long de la Sa\u00f4ne&hellip;\n","protected":false},"author":2,"featured_media":323808,"comment_status":"","ping_status":"","sticky":false,"template":"","format":"standard","meta":{"footnotes":""},"categories":[1889],"tags":[1111,11,2430,1687,3153,1777,674,1011,27,2428,6016,7218,12,25,2429,25519,3151],"class_list":{"0":"post-323807","1":"post","2":"type-post","3":"status-publish","4":"format-standard","5":"has-post-thumbnail","7":"category-lyon","8":"tag-actu","9":"tag-actualites","10":"tag-auvergne-rhone-alpes","11":"tag-culture-loisirs","12":"tag-edition-ouest-lyonnais","13":"tag-eu","14":"tag-europe","15":"tag-fr","16":"tag-france","17":"tag-lyon","18":"tag-magazine-cuisine-et-vins","19":"tag-neuville-sur-saone-bassin","20":"tag-news","21":"tag-republique-francaise","22":"tag-rhone","23":"tag-rochetaillee-sur-saone","24":"tag-selection-de-la-redaction-69"},"share_on_mastodon":{"url":"https:\/\/pubeurope.com\/@fr\/115041125211063103","error":""},"_links":{"self":[{"href":"https:\/\/www.europesays.com\/fr\/wp-json\/wp\/v2\/posts\/323807","targetHints":{"allow":["GET"]}}],"collection":[{"href":"https:\/\/www.europesays.com\/fr\/wp-json\/wp\/v2\/posts"}],"about":[{"href":"https:\/\/www.europesays.com\/fr\/wp-json\/wp\/v2\/types\/post"}],"author":[{"embeddable":true,"href":"https:\/\/www.europesays.com\/fr\/wp-json\/wp\/v2\/users\/2"}],"replies":[{"embeddable":true,"href":"https:\/\/www.europesays.com\/fr\/wp-json\/wp\/v2\/comments?post=323807"}],"version-history":[{"count":0,"href":"https:\/\/www.europesays.com\/fr\/wp-json\/wp\/v2\/posts\/323807\/revisions"}],"wp:featuredmedia":[{"embeddable":true,"href":"https:\/\/www.europesays.com\/fr\/wp-json\/wp\/v2\/media\/323808"}],"wp:attachment":[{"href":"https:\/\/www.europesays.com\/fr\/wp-json\/wp\/v2\/media?parent=323807"}],"wp:term":[{"taxonomy":"category","embeddable":true,"href":"https:\/\/www.europesays.com\/fr\/wp-json\/wp\/v2\/categories?post=323807"},{"taxonomy":"post_tag","embeddable":true,"href":"https:\/\/www.europesays.com\/fr\/wp-json\/wp\/v2\/tags?post=323807"}],"curies":[{"name":"wp","href":"https:\/\/api.w.org\/{rel}","templated":true}]}}