{"id":32381,"date":"2025-04-17T19:53:20","date_gmt":"2025-04-17T19:53:20","guid":{"rendered":"https:\/\/www.europesays.com\/fr\/32381\/"},"modified":"2025-04-17T19:53:20","modified_gmt":"2025-04-17T19:53:20","slug":"trump-optimiste-concernant-un-accord-commercial-avec-lue","status":"publish","type":"post","link":"https:\/\/www.europesays.com\/fr\/32381\/","title":{"rendered":"Trump optimiste concernant un accord commercial avec l\u2019UE"},"content":{"rendered":"<p style=\"text-align:justify;\">AA \/ Washington \/ Dilara Zengin Oktay<\/p>\n<p style=\"text-align:justify;\">Le pr\u00e9sident am\u00e9ricain Donald Trump s\u2019est d\u00e9clar\u00e9 confiant quant \u00e0 la conclusion d\u2019un accord commercial avec l\u2019Union europ\u00e9enne avant l\u2019expiration du d\u00e9lai de 90 jours accord\u00e9 pour la suspension des droits de douane r\u00e9ciproques.<\/p>\n<p style=\"text-align:justify;\">Trump r\u00e9pondait jeudi aux questions des journalistes avant sa rencontre avec la Premi\u00e8re ministre italienne, Giorgia Meloni, \u00e0 la Maison Blanche.<\/p>\n<p style=\"text-align:justify;\">Interrog\u00e9 sur le risque qu\u2019aucun accord ne soit trouv\u00e9 avec l\u2019UE \u00e0 l\u2019issue de cette p\u00e9riode de 90 jours, Trump a affirm\u00e9 : \u00ab Il y aura un accord commercial \u00e0 100 % \u00bb.<\/p>\n<p style=\"text-align:justify;\">\u00ab Ils veulent vraiment conclure un accord, nous allons en faire un. Je m\u2019y attends, mais il faut que ce soit un accord \u00e9quitable \u00bb, a-t-il ajout\u00e9.<\/p>\n<p style=\"text-align:justify;\">Faisant remarquer qu\u2019il avait men\u00e9 de nombreux entretiens avec d\u2019autres pays, le pr\u00e9sident am\u00e9ricain a soulign\u00e9 que son administration cherchait \u00e0 conclure des accords \u00e9quitables, sans se pr\u00e9cipiter.<\/p>\n<p style=\"text-align:justify;\">Trump a \u00e9galement affirm\u00e9, avec assurance, qu\u2019il ne s\u2019attendait qu\u2019\u00e0 \u00ab des probl\u00e8mes minimes \u00bb pour parvenir \u00e0 des accords, que ce soit avec l\u2019Union europ\u00e9enne ou avec d\u2019autres pays.<\/p>\n<p style=\"text-align:justify;\">Par ailleurs, \u00e0 la question d\u2019un journaliste sur une \u00e9ventuelle inqui\u00e9tude concernant la visite, cette semaine, du pr\u00e9sident chinois Xi Jinping aupr\u00e8s de trois alli\u00e9s des \u00c9tats-Unis, Trump a d\u00e9clar\u00e9 : \u00ab Non, personne ne peut rivaliser avec nous. Personne. \u00bb<\/p>\n<p style=\"text-align:justify;\">Et d\u2019ajouter : \u00ab Je pense que nous allons conclure un tr\u00e8s bon accord avec la Chine. Vous verrez, ce sera un excellent accord. \u00bb<\/p>\n<p style=\"text-align:justify;\">De son c\u00f4t\u00e9, la Premi\u00e8re ministre italienne, Giorgia Meloni, a exprim\u00e9 elle aussi, sa confiance dans la conclusion d\u2019un accord entre les \u00c9tats-Unis et l\u2019Union europ\u00e9enne.<\/p>\n<p style=\"text-align:justify;\">* traduit du turc par Ayse Betul Akcesme<\/p>\n<p>                            &#13;<br \/>\n                                <a href=\"https:\/\/www.aa.com.tr\/fr\/p\/abonnement\/1001\" target=\"_blank\" style=\"font-size:12px; color:#444; text-decoration:none;\" rel=\"nofollow noopener\">&#13;<br \/>\n                                    Seulement une partie des d\u00e9p\u00eaches, que l&rsquo;Agence Anadolu diffuse \u00e0 ses abonn\u00e9s via le Syst\u00e8me de Diffusion interne (HAS), est diffus\u00e9e sur le site de l&rsquo;AA, de mani\u00e8re r\u00e9sum\u00e9e. <b style=\"color:#1897F7\">Contactez-nous s&rsquo;il vous pla\u00eet pour vous abonner.<\/b>&#13;<br \/>\n                                <\/a>&#13;<\/p>\n","protected":false},"excerpt":{"rendered":"AA \/ Washington \/ Dilara Zengin Oktay Le pr\u00e9sident am\u00e9ricain Donald Trump s\u2019est d\u00e9clar\u00e9 confiant quant \u00e0 la&hellip;\n","protected":false},"author":2,"featured_media":32382,"comment_status":"","ping_status":"","sticky":false,"template":"","format":"standard","meta":{"footnotes":""},"categories":[1586],"tags":[11,1785,1777,674,1779,1011,27,3044,12,25,467,1778,364],"class_list":{"0":"post-32381","1":"post","2":"type-post","3":"status-publish","4":"format-standard","5":"has-post-thumbnail","7":"category-europe","8":"tag-actualites","9":"tag-anadolu-ajansi","10":"tag-eu","11":"tag-europe","12":"tag-european-union","13":"tag-fr","14":"tag-france","15":"tag-giorgia-meloni","16":"tag-news","17":"tag-republique-francaise","18":"tag-trump","19":"tag-ue","20":"tag-union-europeenne"},"share_on_mastodon":{"url":"https:\/\/pubeurope.com\/@fr\/114355057669953483","error":""},"_links":{"self":[{"href":"https:\/\/www.europesays.com\/fr\/wp-json\/wp\/v2\/posts\/32381","targetHints":{"allow":["GET"]}}],"collection":[{"href":"https:\/\/www.europesays.com\/fr\/wp-json\/wp\/v2\/posts"}],"about":[{"href":"https:\/\/www.europesays.com\/fr\/wp-json\/wp\/v2\/types\/post"}],"author":[{"embeddable":true,"href":"https:\/\/www.europesays.com\/fr\/wp-json\/wp\/v2\/users\/2"}],"replies":[{"embeddable":true,"href":"https:\/\/www.europesays.com\/fr\/wp-json\/wp\/v2\/comments?post=32381"}],"version-history":[{"count":0,"href":"https:\/\/www.europesays.com\/fr\/wp-json\/wp\/v2\/posts\/32381\/revisions"}],"wp:featuredmedia":[{"embeddable":true,"href":"https:\/\/www.europesays.com\/fr\/wp-json\/wp\/v2\/media\/32382"}],"wp:attachment":[{"href":"https:\/\/www.europesays.com\/fr\/wp-json\/wp\/v2\/media?parent=32381"}],"wp:term":[{"taxonomy":"category","embeddable":true,"href":"https:\/\/www.europesays.com\/fr\/wp-json\/wp\/v2\/categories?post=32381"},{"taxonomy":"post_tag","embeddable":true,"href":"https:\/\/www.europesays.com\/fr\/wp-json\/wp\/v2\/tags?post=32381"}],"curies":[{"name":"wp","href":"https:\/\/api.w.org\/{rel}","templated":true}]}}