{"id":323811,"date":"2025-08-16T23:53:14","date_gmt":"2025-08-16T23:53:14","guid":{"rendered":"https:\/\/www.europesays.com\/fr\/323811\/"},"modified":"2025-08-16T23:53:14","modified_gmt":"2025-08-16T23:53:14","slug":"cest-la-premiere-fois-que-jen-voyais-une-dune-telle-intensite","status":"publish","type":"post","link":"https:\/\/www.europesays.com\/fr\/323811\/","title":{"rendered":"C&rsquo;est la premi\u00e8re fois que j&rsquo;en voyais une d&rsquo;une telle intensit\u00e9"},"content":{"rendered":"<p class=\"article__intro\">Ce jeudi, la rivi\u00e8re du Fango a subitement doubl\u00e9 de volume. Un ph\u00e9nom\u00e8ne rare qui rappelle l&rsquo;importance de rester vigilant en temps d&rsquo;orage. <\/p>\n<p>\n      La Quotidienne Soci\u00e9t\u00e9\n    <\/p>\n<p>\n      De la vie quotidienne aux grands enjeux, recevez tous les jours les sujets qui font la soci\u00e9t\u00e9 locale, comme la justice, l\u2019\u00e9ducation, la sant\u00e9 et la famille.\n    <\/p>\n<p>    France T\u00e9l\u00e9visions utilise votre adresse e-mail afin de vous envoyer la newsletter \u00ab\u00a0La Quotidienne Soci\u00e9t\u00e9\u00a0\u00bb. Vous pouvez vous d\u00e9sinscrire \u00e0 tout moment via le lien en bas de cette newsletter. <a target=\"_blank\" href=\"https:\/\/www.francetelevisions.fr\/groupe\/confidentialite\/politique-de-confidentialite\/politique-de-confidentialite-de-france-televisions-6503\" rel=\"nofollow noopener\">Notre politique de confidentialit\u00e9<\/a><\/p>\n<p>Un ph\u00e9nom\u00e8ne rare et impressionnant. Jeudi 14 ao\u00fbt, la rivi\u00e8re du Fango a soudainement doubl\u00e9 de volume sous les regards interloqu\u00e9s des promeneurs. Serge Dailly, qui habite les environs, \u00e9tait \u00e0 la premi\u00e8re loge, post\u00e9 sur le Pont de Tuarelli. \u00ab\u00a0Ma famille habite en amont et m&rsquo;avait pr\u00e9venu, pendant l&rsquo;apr\u00e8s-midi, du d\u00e9luge qui tombait sur la montagne\u00a0\u00bb, explique l&rsquo;habitant.<\/p>\n<p>Deux heures plus tard, le alanin assiste \u00e0 une rapide mont\u00e9e des eaux. \u00ab\u00a0C&rsquo;est la premi\u00e8re fois que j&rsquo;observais une crue d&rsquo;une telle intensit\u00e9, s&rsquo;\u00e9tonne-t-il. D&rsquo;habitude, c&rsquo;est beaucoup plus progressif.\u00a0\u00bb Serge Dailly se souvient d&rsquo;autres crues impressionnantes, notamment en 1992 et en 2023.<\/p>\n<\/p>\n<p>Si le ph\u00e9nom\u00e8ne de cette semaine impressionne et attise la curiosit\u00e9, il n&rsquo;en est pas moins dangereux. Le torrent, tr\u00e8s puissant, emporte facilement les baigneurs, qui risquent de se blesser ou de se noyer. \u00ab\u00a0Nous indiquons d&rsquo;\u00e9vacuer syst\u00e9matiquement la rivi\u00e8re lorsqu&rsquo;il y a de l&rsquo;orage en montagne\u00a0\u00bb. Depuis jeudi, l&rsquo;office de tourisme de Gal\u00e9ria est tr\u00e8s r\u00e9guli\u00e8rement sollicit\u00e9 par les promeneurs. Beaucoup h\u00e9sitent \u00e0 se baigner par peur d&rsquo;une nouvelle crue. \u00ab\u00a0C&rsquo;est le signe que le message est pass\u00e9 et que les visiteurs ont pris conscience du danger\u00a0\u00bb, se r\u00e9jouit le standard. L&rsquo;\u00e9tablissement conseille par ailleurs \u00e0 tous les vacanciers de passer par l&rsquo;office pour s&rsquo;assurer de conna\u00eetre toutes les mesures de s\u00e9curit\u00e9.<\/p>\n<p>M\u00e9t\u00e9o France maintient pour l&rsquo;instant la Corse-du-Sud en vigilance jaune \u00ab\u00a0orage\u00a0\u00bb ce samedi 16 ao\u00fbt, jusqu&rsquo;\u00e0 21 heures. Il est donc pr\u00e9f\u00e9rable de garder un \u0153il sur le ciel pour la journ\u00e9e.<\/p>\n","protected":false},"excerpt":{"rendered":"Ce jeudi, la rivi\u00e8re du Fango a subitement doubl\u00e9 de volume. Un ph\u00e9nom\u00e8ne rare qui rappelle l&rsquo;importance de&hellip;\n","protected":false},"author":2,"featured_media":323812,"comment_status":"","ping_status":"","sticky":false,"template":"","format":"standard","meta":{"footnotes":""},"categories":[1888],"tags":[1111,1928,11,1927,1777,674,1011,27,12,1926,626,1925,25],"class_list":{"0":"post-323811","1":"post","2":"type-post","3":"status-publish","4":"format-standard","5":"has-post-thumbnail","7":"category-paris","8":"tag-actu","9":"tag-actu-paris","10":"tag-actualites","11":"tag-actualites-paris","12":"tag-eu","13":"tag-europe","14":"tag-fr","15":"tag-france","16":"tag-news","17":"tag-news-paris","18":"tag-paris","19":"tag-paris-news","20":"tag-republique-francaise"},"share_on_mastodon":{"url":"https:\/\/pubeurope.com\/@fr\/115041140904594605","error":""},"_links":{"self":[{"href":"https:\/\/www.europesays.com\/fr\/wp-json\/wp\/v2\/posts\/323811","targetHints":{"allow":["GET"]}}],"collection":[{"href":"https:\/\/www.europesays.com\/fr\/wp-json\/wp\/v2\/posts"}],"about":[{"href":"https:\/\/www.europesays.com\/fr\/wp-json\/wp\/v2\/types\/post"}],"author":[{"embeddable":true,"href":"https:\/\/www.europesays.com\/fr\/wp-json\/wp\/v2\/users\/2"}],"replies":[{"embeddable":true,"href":"https:\/\/www.europesays.com\/fr\/wp-json\/wp\/v2\/comments?post=323811"}],"version-history":[{"count":0,"href":"https:\/\/www.europesays.com\/fr\/wp-json\/wp\/v2\/posts\/323811\/revisions"}],"wp:featuredmedia":[{"embeddable":true,"href":"https:\/\/www.europesays.com\/fr\/wp-json\/wp\/v2\/media\/323812"}],"wp:attachment":[{"href":"https:\/\/www.europesays.com\/fr\/wp-json\/wp\/v2\/media?parent=323811"}],"wp:term":[{"taxonomy":"category","embeddable":true,"href":"https:\/\/www.europesays.com\/fr\/wp-json\/wp\/v2\/categories?post=323811"},{"taxonomy":"post_tag","embeddable":true,"href":"https:\/\/www.europesays.com\/fr\/wp-json\/wp\/v2\/tags?post=323811"}],"curies":[{"name":"wp","href":"https:\/\/api.w.org\/{rel}","templated":true}]}}