{"id":323813,"date":"2025-08-16T23:54:11","date_gmt":"2025-08-16T23:54:11","guid":{"rendered":"https:\/\/www.europesays.com\/fr\/323813\/"},"modified":"2025-08-16T23:54:11","modified_gmt":"2025-08-16T23:54:11","slug":"francais-arrete-au-mali-la-reaction-de-paris","status":"publish","type":"post","link":"https:\/\/www.europesays.com\/fr\/323813\/","title":{"rendered":"Fran\u00e7ais arr\u00eat\u00e9 au Mali : La r\u00e9action de Paris"},"content":{"rendered":"<p>Le Fran\u00e7ais arr\u00eat\u00e9 au Mali et accus\u00e9 d&rsquo;avoir particip\u00e9 \u00e0 une tentative de d\u00e9stabilisation des institutions est l&rsquo;objet d'\u00a0\u00bbaccusations sans fondement\u00a0\u00bb, a assur\u00e9 samedi le minist\u00e8re fran\u00e7ais des Affaires \u00e9trang\u00e8res.<\/p>\n<p>\u00ab\u00a0Un dialogue est en cours (avec les autorit\u00e9s maliennes) afin de dissiper tout malentendu\u00a0\u00bb et obtenir la \u00ab\u00a0lib\u00e9ration sans d\u00e9lai\u00a0\u00bb de ce membre de l&rsquo;ambassade de France \u00e0 Bamako, ajoute le minist\u00e8re.<\/p>\n<p>Les autorit\u00e9s maliennes ont annonc\u00e9 jeudi l&rsquo;arrestation d&rsquo;un ressortissant fran\u00e7ais pr\u00e9sent\u00e9 comme travaillant pour le \u00ab\u00a0service de renseignement fran\u00e7ais\u00a0\u00bb. La junte au pouvoir au Mali a accus\u00e9 des \u00ab\u00a0Etats \u00e9trangers\u00a0\u00bb d&rsquo;\u00eatre derri\u00e8re une tentative de d\u00e9stabilisation, men\u00e9e par \u00ab\u00a0un groupuscule d&rsquo;\u00e9l\u00e9ments marginaux des forces arm\u00e9es de s\u00e9curit\u00e9 malienne\u00a0\u00bb.<\/p>\n<p>La junte dirig\u00e9e par le pr\u00e9sident Assimi Go\u00efta, arriv\u00e9e au pouvoir apr\u00e8s deux coups d&rsquo;Etat en 2020 et 2021, s&rsquo;est d\u00e9tourn\u00e9e des partenaires occidentaux, notamment l&rsquo;ancien colonisateur fran\u00e7ais, pour se tourner politiquement et militairement vers la Russie.<\/p>\n<p>Le minist\u00e8re fran\u00e7ais des Affaires \u00e9trang\u00e8res souligne de son c\u00f4t\u00e9 que le Fran\u00e7ais arr\u00eat\u00e9 b\u00e9n\u00e9ficie du \u00ab\u00a0statut de la convention de Vienne r\u00e9gissant les relations diplomatiques\u00a0\u00bb, et demande sa lib\u00e9ration \u00ab\u00a0en application de cette convention\u00a0\u00bb.<\/p>\n<p>AFP<\/p>\n<p><b>Auteur:<\/b> AFP<\/p>\n","protected":false},"excerpt":{"rendered":"Le Fran\u00e7ais arr\u00eat\u00e9 au Mali et accus\u00e9 d&rsquo;avoir particip\u00e9 \u00e0 une tentative de d\u00e9stabilisation des institutions est l&rsquo;objet&hellip;\n","protected":false},"author":2,"featured_media":323814,"comment_status":"","ping_status":"","sticky":false,"template":"","format":"standard","meta":{"footnotes":""},"categories":[1888],"tags":[1111,1928,11,1927,1777,674,1011,46105,27,25783,12,1926,626,1925,46106,25],"class_list":{"0":"post-323813","1":"post","2":"type-post","3":"status-publish","4":"format-standard","5":"has-post-thumbnail","7":"category-paris","8":"tag-actu","9":"tag-actu-paris","10":"tag-actualites","11":"tag-actualites-paris","12":"tag-eu","13":"tag-europe","14":"tag-fr","15":"tag-francais-arrete-au-mali","16":"tag-france","17":"tag-ministere-francais-des-affaires-etrangeres","18":"tag-news","19":"tag-news-paris","20":"tag-paris","21":"tag-paris-news","22":"tag-reaction-de-paris","23":"tag-republique-francaise"},"share_on_mastodon":{"url":"https:\/\/pubeurope.com\/@fr\/115041144861573729","error":""},"_links":{"self":[{"href":"https:\/\/www.europesays.com\/fr\/wp-json\/wp\/v2\/posts\/323813","targetHints":{"allow":["GET"]}}],"collection":[{"href":"https:\/\/www.europesays.com\/fr\/wp-json\/wp\/v2\/posts"}],"about":[{"href":"https:\/\/www.europesays.com\/fr\/wp-json\/wp\/v2\/types\/post"}],"author":[{"embeddable":true,"href":"https:\/\/www.europesays.com\/fr\/wp-json\/wp\/v2\/users\/2"}],"replies":[{"embeddable":true,"href":"https:\/\/www.europesays.com\/fr\/wp-json\/wp\/v2\/comments?post=323813"}],"version-history":[{"count":0,"href":"https:\/\/www.europesays.com\/fr\/wp-json\/wp\/v2\/posts\/323813\/revisions"}],"wp:featuredmedia":[{"embeddable":true,"href":"https:\/\/www.europesays.com\/fr\/wp-json\/wp\/v2\/media\/323814"}],"wp:attachment":[{"href":"https:\/\/www.europesays.com\/fr\/wp-json\/wp\/v2\/media?parent=323813"}],"wp:term":[{"taxonomy":"category","embeddable":true,"href":"https:\/\/www.europesays.com\/fr\/wp-json\/wp\/v2\/categories?post=323813"},{"taxonomy":"post_tag","embeddable":true,"href":"https:\/\/www.europesays.com\/fr\/wp-json\/wp\/v2\/tags?post=323813"}],"curies":[{"name":"wp","href":"https:\/\/api.w.org\/{rel}","templated":true}]}}