{"id":323815,"date":"2025-08-16T23:55:10","date_gmt":"2025-08-16T23:55:10","guid":{"rendered":"https:\/\/www.europesays.com\/fr\/323815\/"},"modified":"2025-08-16T23:55:10","modified_gmt":"2025-08-16T23:55:10","slug":"previsions-du-dimanche-17-aout-2025-9","status":"publish","type":"post","link":"https:\/\/www.europesays.com\/fr\/323815\/","title":{"rendered":"pr\u00e9visions du dimanche 17 ao\u00fbt 2025"},"content":{"rendered":"<p>C&rsquo;est une magnifique journ\u00e9e dont va profiter Paris, o\u00f9 le soleil va briller avec force. Il fera environ 23\u00b0C. Une modeste brise de nord-est sera ressentie par les habitants. Il va faire 21\u00b0C en moyenne le matin. Les temp\u00e9ratures vont conna\u00eetre une augmentation de plusieurs degr\u00e9s dans l&rsquo;apr\u00e8s-midi. La ville va subir un passage de grosses chaleurs avec des temp\u00e9ratures qui atteindront parfois les 30\u00b0C. Les valeurs seront comprises entre 28 et 30\u00b0C. Dans la soir\u00e9e, les temp\u00e9ratures seront de 26\u00b0C. Pendant que vous dormirez, dans la nuit de dimanche \u00e0 lundi, le ciel sera clair.<\/p>\n<p>Demain, un important soleil rayonnera sur Paris. L&rsquo;air ambiant va se r\u00e9chauffer avec une hausse de quelques degr\u00e9s. Les temp\u00e9ratures \u00e9volueront entre 17 et 31\u2009\u00b0C. Les valeurs afficheront entre 17 et 31\u00b0C. Un vent de nord-est rafra\u00eechira sensiblement l&rsquo;atmosph\u00e8re. Le matin, on anticipe des temp\u00e9ratures d&rsquo;environ 23\u00b0C. Les valeurs vont grimper pendant l&rsquo;apr\u00e8s-midi de plusieurs degr\u00e9s. Prenez garde \u00e0 la vague de chaud. Des valeurs de 29 \u00e0 31\u00b0C sont attendues. Demain soir, le vent va progressivement chasser la grisaille. La ville va souffrir des fortes chaleurs avec des temp\u00e9ratures qui pourraient monter jusqu&rsquo;\u00e0 30\u00b0C.<\/p>\n<p>Les conditions m\u00e9t\u00e9orologiques des jours suivants vont \u00e9voluer peu \u00e0 peu. Apr\u00e8s des conditions m\u00e9t\u00e9orologiques similaires mardi, la situation changera mercredi.<\/p>\n<p><\/p>\n","protected":false},"excerpt":{"rendered":"C&rsquo;est une magnifique journ\u00e9e dont va profiter Paris, o\u00f9 le soleil va briller avec force. Il fera environ&hellip;\n","protected":false},"author":2,"featured_media":323816,"comment_status":"","ping_status":"","sticky":false,"template":"","format":"standard","meta":{"footnotes":""},"categories":[1888],"tags":[11,1777,674,1011,27,662,12,626,2119,25],"class_list":{"0":"post-323815","1":"post","2":"type-post","3":"status-publish","4":"format-standard","5":"has-post-thumbnail","7":"category-paris","8":"tag-actualites","9":"tag-eu","10":"tag-europe","11":"tag-fr","12":"tag-france","13":"tag-ile-de-france","14":"tag-news","15":"tag-paris","16":"tag-previsions-meteo","17":"tag-republique-francaise"},"share_on_mastodon":{"url":"https:\/\/pubeurope.com\/@fr\/115041149046308446","error":""},"_links":{"self":[{"href":"https:\/\/www.europesays.com\/fr\/wp-json\/wp\/v2\/posts\/323815","targetHints":{"allow":["GET"]}}],"collection":[{"href":"https:\/\/www.europesays.com\/fr\/wp-json\/wp\/v2\/posts"}],"about":[{"href":"https:\/\/www.europesays.com\/fr\/wp-json\/wp\/v2\/types\/post"}],"author":[{"embeddable":true,"href":"https:\/\/www.europesays.com\/fr\/wp-json\/wp\/v2\/users\/2"}],"replies":[{"embeddable":true,"href":"https:\/\/www.europesays.com\/fr\/wp-json\/wp\/v2\/comments?post=323815"}],"version-history":[{"count":0,"href":"https:\/\/www.europesays.com\/fr\/wp-json\/wp\/v2\/posts\/323815\/revisions"}],"wp:featuredmedia":[{"embeddable":true,"href":"https:\/\/www.europesays.com\/fr\/wp-json\/wp\/v2\/media\/323816"}],"wp:attachment":[{"href":"https:\/\/www.europesays.com\/fr\/wp-json\/wp\/v2\/media?parent=323815"}],"wp:term":[{"taxonomy":"category","embeddable":true,"href":"https:\/\/www.europesays.com\/fr\/wp-json\/wp\/v2\/categories?post=323815"},{"taxonomy":"post_tag","embeddable":true,"href":"https:\/\/www.europesays.com\/fr\/wp-json\/wp\/v2\/tags?post=323815"}],"curies":[{"name":"wp","href":"https:\/\/api.w.org\/{rel}","templated":true}]}}