{"id":323817,"date":"2025-08-16T23:56:17","date_gmt":"2025-08-16T23:56:17","guid":{"rendered":"https:\/\/www.europesays.com\/fr\/323817\/"},"modified":"2025-08-16T23:56:17","modified_gmt":"2025-08-16T23:56:17","slug":"une-femme-accouche-sur-le-quai-du-rer-a-a-chatelet","status":"publish","type":"post","link":"https:\/\/www.europesays.com\/fr\/323817\/","title":{"rendered":"une femme accouche sur le quai du RER A \u00e0 Ch\u00e2telet"},"content":{"rendered":"<p class=\"post-excerpt\">Sc\u00e8ne insolite ce vendredi 15 ao\u00fbt 2025 \u00e0 la station Ch\u00e2telet. Une femme a donn\u00e9 naissance sur le quai du RER A, en plein centre de Paris. La RATP assure que la maman et son b\u00e9b\u00e9 se portent bien et promet un cadeau de bienvenue, comme le veut la tradition.<\/p>\n<p>Le quai du RER parisien est probablement le dernier endroit o\u00f9 <a href=\"https:\/\/www.aufeminin.com\/societe\/on-a-franchi-un-cap-dinhumanite-deux-hommes-ont-sciemment-urine-sur-une-femme-enceinte-et-ses-deux-enfants-sdf-2648035.html\" target=\"_blank\" rel=\"noopener\">une femme enceinte<\/a> souhaite accoucher. Et pourtant&#8230; Ce vendredi 15 ao\u00fbt 2025, <strong><a href=\"https:\/\/www.aufeminin.com\/societe\/un-homme-flashe-a-130km-h-au-lieu-de-90-car-sa-femme-accouche-dans-la-voiture-la-reaction-de-la-police-devient-virale-2646482.html\" target=\"_blank\" rel=\"noopener\">une femme a accouch\u00e9<\/a> sur les quais de la station Ch\u00e2telet,<\/strong> sur la ligne A du RER. La sc\u00e8ne s\u2019est d\u00e9roul\u00e9e vers 9 heures, dans un des lieux les plus fr\u00e9quent\u00e9s de la capitale. La RATP a confirm\u00e9 l\u2019information, initialement relay\u00e9e sur le r\u00e9seau social X par le Groupe de protection et de s\u00e9curit\u00e9 des r\u00e9seaux Force ouvri\u00e8re (GPSR-FO).<\/p>\n<p>Malgr\u00e9 un environnement pour le moins inhabituel, l\u2019accouchement s\u2019est d\u00e9roul\u00e9 sans complication. Les pompiers de Paris pr\u00e9cisent que la m\u00e8re et l\u2019enfant ont \u00e9t\u00e9 \u00ab\u00a0rapidement transport\u00e9s \u00e0 l\u2019h\u00f4pital Necker\u00a0\u00bb, \u00e9tablissement sp\u00e9cialis\u00e9 dans la prise en charge des enfants. <a href=\"https:\/\/www.aufeminin.com\/news-societe\/navigo-les-amendes-en-cas-de-pass-non-valide-doublent-a-partir-du-2-juin-voici-ce-que-vous-allez-payer-s4113885.html\" target=\"_blank\" rel=\"noopener\">La RATP<\/a> assure qu\u2019ils se portent bien, comme le r\u00e9v\u00e8le <a href=\"https:\/\/actu.fr\/ile-de-france\/paris_75056\/ratp-carnet-rose-dans-les-transports-a-paris-une-femme-accouche-sur-les-quais-du-rer-a_63043064.html\" target=\"_blank\" rel=\"nofollow noopener\">actu.fr<\/a>. <\/p>\n<p> Une tradition de cadeaux pour les naissances dans le m\u00e9tro <\/p>\n<p>Dans un communiqu\u00e9, la R\u00e9gie annonce qu\u2019elle offrira \u00ab\u00a0un cadeau pour la maman et le b\u00e9b\u00e9\u00a0\u00bb. Cette coutume n\u2019est pas nouvelle ! En 2018, un enfant n\u00e9 \u00e0 la station Glaci\u00e8re avait re\u00e7u un passe Navigo gratuit jusqu\u2019\u00e0 ses 25 ans. Plus r\u00e9cemment, en avril 2024, un b\u00e9b\u00e9 n\u00e9 \u00e0 la station Gare du Nord, sur la ligne 5, avait lui aussi b\u00e9n\u00e9fici\u00e9 d\u2019un titre de transport \u00e0 vie jusqu\u2019\u00e0 sa majorit\u00e9.<\/p>\n<p>Si l\u2019histoire se termine bien, accoucher dans un lieu public comme une station de m\u00e9tro n\u2019est pas sans danger. En effet, l\u2019absence de mat\u00e9riel m\u00e9dical, le risque d\u2019h\u00e9morragie ou d\u2019infection, ainsi que la difficult\u00e9 \u00e0 intervenir rapidement en cas de complication font de ce type d\u2019\u00e9v\u00e9nement une urgence. Les m\u00e9decins rappellent que la surveillance pr\u00e9natale et la prise en charge en maternit\u00e9 restent essentielles pour garantir la s\u00e9curit\u00e9 de la m\u00e8re et de l\u2019enfant.<\/p>\n<p><img loading=\"lazy\" decoding=\"async\" itemprop=\"thumbnailUrl\" class=\"alignnone size-large wp-image-2649113 img-responsive  pinit-here\" src=\"https:\/\/www.europesays.com\/fr\/wp-content\/uploads\/2025\/08\/shutterstock_2392103097-1024x682.jpg\" alt=\"Paris : une femme accouche sur le quai du RER A \u00e0 Ch\u00e2telet, la RATP va offrir \" un=\"\" cadeau=\"\" pour=\"\" la=\"\" maman=\"\" et=\"\" le=\"\" b=\"\" width=\"1024\" height=\"682\" data-pin-media=\"https:\/\/sf2.afcdn.com\/wp-content\/uploads\/aufeminin\/2025\/08\/shutterstock_2392103097-736x490.jpg\"\/> \u00a9  GiulianiBruno\/Shutterstock<\/p>\n<p> Un \u00e9v\u00e9nement rare mais pas in\u00e9dit <\/p>\n<p>Bien que surprenantes, ces naissances dans les transports parisiens ne sont pas isol\u00e9es. La densit\u00e9 de voyageurs, l\u2019activit\u00e9 quotidienne intense et parfois la rapidit\u00e9 avec laquelle les contractions s\u2019acc\u00e9l\u00e8rent peuvent expliquer que certaines femmes n\u2019aient pas le temps de rejoindre l\u2019h\u00f4pital.<\/p>\n<p>\u00c0 Ch\u00e2telet, les usagers pr\u00e9sents vendredi matin ont \u00e9t\u00e9 t\u00e9moins d\u2019un moment pour le moins inhabituel. La RATP, en relayant la nouvelle avec humour et bienveillance, souligne la dimension exceptionnelle de l\u2019\u00e9v\u00e9nement. Pour la maman et son b\u00e9b\u00e9, cette arriv\u00e9e au monde restera assur\u00e9ment un souvenir unique. Immortalis\u00e9 dans l\u2019un des lieux les plus embl\u00e9matiques du r\u00e9seau parisien.<\/p>\n","protected":false},"excerpt":{"rendered":"Sc\u00e8ne insolite ce vendredi 15 ao\u00fbt 2025 \u00e0 la station Ch\u00e2telet. Une femme a donn\u00e9 naissance sur le&hellip;\n","protected":false},"author":2,"featured_media":323818,"comment_status":"","ping_status":"","sticky":false,"template":"","format":"standard","meta":{"footnotes":""},"categories":[1888],"tags":[22544,11,1777,674,1011,27,12,626,25],"class_list":{"0":"post-323817","1":"post","2":"type-post","3":"status-publish","4":"format-standard","5":"has-post-thumbnail","7":"category-paris","8":"tag-accouchement","9":"tag-actualites","10":"tag-eu","11":"tag-europe","12":"tag-fr","13":"tag-france","14":"tag-news","15":"tag-paris","16":"tag-republique-francaise"},"share_on_mastodon":{"url":"https:\/\/pubeurope.com\/@fr\/115041153197925810","error":""},"_links":{"self":[{"href":"https:\/\/www.europesays.com\/fr\/wp-json\/wp\/v2\/posts\/323817","targetHints":{"allow":["GET"]}}],"collection":[{"href":"https:\/\/www.europesays.com\/fr\/wp-json\/wp\/v2\/posts"}],"about":[{"href":"https:\/\/www.europesays.com\/fr\/wp-json\/wp\/v2\/types\/post"}],"author":[{"embeddable":true,"href":"https:\/\/www.europesays.com\/fr\/wp-json\/wp\/v2\/users\/2"}],"replies":[{"embeddable":true,"href":"https:\/\/www.europesays.com\/fr\/wp-json\/wp\/v2\/comments?post=323817"}],"version-history":[{"count":0,"href":"https:\/\/www.europesays.com\/fr\/wp-json\/wp\/v2\/posts\/323817\/revisions"}],"wp:featuredmedia":[{"embeddable":true,"href":"https:\/\/www.europesays.com\/fr\/wp-json\/wp\/v2\/media\/323818"}],"wp:attachment":[{"href":"https:\/\/www.europesays.com\/fr\/wp-json\/wp\/v2\/media?parent=323817"}],"wp:term":[{"taxonomy":"category","embeddable":true,"href":"https:\/\/www.europesays.com\/fr\/wp-json\/wp\/v2\/categories?post=323817"},{"taxonomy":"post_tag","embeddable":true,"href":"https:\/\/www.europesays.com\/fr\/wp-json\/wp\/v2\/tags?post=323817"}],"curies":[{"name":"wp","href":"https:\/\/api.w.org\/{rel}","templated":true}]}}