{"id":323827,"date":"2025-08-17T00:01:14","date_gmt":"2025-08-17T00:01:14","guid":{"rendered":"https:\/\/www.europesays.com\/fr\/323827\/"},"modified":"2025-08-17T00:01:14","modified_gmt":"2025-08-17T00:01:14","slug":"lallemagne-est-championne-deurope-de-hockey-pour-la-9e-fois","status":"publish","type":"post","link":"https:\/\/www.europesays.com\/fr\/323827\/","title":{"rendered":"L&rsquo;Allemagne est championne d&rsquo;Europe de hockey pour la 9e fois"},"content":{"rendered":"<p class=\"ap-StoryElement ap-StoryElement--mb ap-StoryText\">Les Pays-Bas, doubles tenants du titre, esp\u00e9raient ajouter un 8e titre \u00e0 leur palmar\u00e8s, mais chez elle, la formation allemande \u00e0 pris le meilleur pour renouer avec un titre qui le boudait depuis 2013.<\/p>\n<p class=\"ap-StoryElement ap-StoryElement--mb ap-StoryText\">Les N\u00e9erlandais avaient remport\u00e9 quatre des cinq derni\u00e8res \u00e9ditions, seule la Belgique, en 2019 \u00e0 Anvers, interrompant leur s\u00e9rie.<\/p>\n<p class=\"ap-StoryElement ap-StoryElement--mb ap-StoryText\">L&rsquo;Allemagne, championne du monde en titre, a \u00e9t\u00e9 sacr\u00e9e en 1970, 1978, 1991, 1995, 1999, 2003, 2011 et 2013. Elle valide aussi son ticket pour la Coupe du monde 2026 en Belgique (Wavre) et aux Pays-Bas.<\/p>\n<p class=\"ap-StoryElement ap-StoryElement--mb ap-StoryText\">L&rsquo;Espagne a pris la m\u00e9daille de bronze plus t\u00f4t dans la journ\u00e9e en battant la France, entra\u00een\u00e9e par John-John Dohmen, l&rsquo;ancien Red Lions, 2 \u00e0 0 dans le match pour la 3e place.<\/p>\n<p class=\"ap-StoryElement ap-StoryElement--mb ap-StoryText\">La Belgique a termin\u00e9 5e, pour la premi\u00e8re fois hors du top 4 depuis dix ans.<\/p>\n","protected":false},"excerpt":{"rendered":"Les Pays-Bas, doubles tenants du titre, esp\u00e9raient ajouter un 8e titre \u00e0 leur palmar\u00e8s, mais chez elle, la&hellip;\n","protected":false},"author":2,"featured_media":323828,"comment_status":"","ping_status":"","sticky":false,"template":"","format":"standard","meta":{"footnotes":""},"categories":[1587],"tags":[11,672,828,1804,1805,1803,1777,674,1801,4488,12,1802],"class_list":{"0":"post-323827","1":"post","2":"type-post","3":"status-publish","4":"format-standard","5":"has-post-thumbnail","7":"category-allemagne","8":"tag-actualites","9":"tag-allemagne","10":"tag-belgique","11":"tag-bundesrepublik-deutschland","12":"tag-de","13":"tag-deutschland","14":"tag-eu","15":"tag-europe","16":"tag-germany","17":"tag-hockey","18":"tag-news","19":"tag-republique-federale-dallemagne"},"share_on_mastodon":{"url":"https:\/\/pubeurope.com\/@fr\/115041172438696622","error":""},"_links":{"self":[{"href":"https:\/\/www.europesays.com\/fr\/wp-json\/wp\/v2\/posts\/323827","targetHints":{"allow":["GET"]}}],"collection":[{"href":"https:\/\/www.europesays.com\/fr\/wp-json\/wp\/v2\/posts"}],"about":[{"href":"https:\/\/www.europesays.com\/fr\/wp-json\/wp\/v2\/types\/post"}],"author":[{"embeddable":true,"href":"https:\/\/www.europesays.com\/fr\/wp-json\/wp\/v2\/users\/2"}],"replies":[{"embeddable":true,"href":"https:\/\/www.europesays.com\/fr\/wp-json\/wp\/v2\/comments?post=323827"}],"version-history":[{"count":0,"href":"https:\/\/www.europesays.com\/fr\/wp-json\/wp\/v2\/posts\/323827\/revisions"}],"wp:featuredmedia":[{"embeddable":true,"href":"https:\/\/www.europesays.com\/fr\/wp-json\/wp\/v2\/media\/323828"}],"wp:attachment":[{"href":"https:\/\/www.europesays.com\/fr\/wp-json\/wp\/v2\/media?parent=323827"}],"wp:term":[{"taxonomy":"category","embeddable":true,"href":"https:\/\/www.europesays.com\/fr\/wp-json\/wp\/v2\/categories?post=323827"},{"taxonomy":"post_tag","embeddable":true,"href":"https:\/\/www.europesays.com\/fr\/wp-json\/wp\/v2\/tags?post=323827"}],"curies":[{"name":"wp","href":"https:\/\/api.w.org\/{rel}","templated":true}]}}