{"id":323829,"date":"2025-08-17T00:02:33","date_gmt":"2025-08-17T00:02:33","guid":{"rendered":"https:\/\/www.europesays.com\/fr\/323829\/"},"modified":"2025-08-17T00:02:33","modified_gmt":"2025-08-17T00:02:33","slug":"ukraine-apres-le-sommet-trump-poutine-en-alaska-une-voie-etroite-pour-leurope","status":"publish","type":"post","link":"https:\/\/www.europesays.com\/fr\/323829\/","title":{"rendered":"Ukraine\u00a0: apr\u00e8s le sommet Trump-Poutine en Alaska, une voie \u00e9troite pour l\u2019Europe"},"content":{"rendered":"<p>Les <a href=\"https:\/\/www.letelegramme.fr\/monde\/guerre-ukraine-russie\/direct-sommet-trump-poutine-vers-un-cessez-le-feu-en-ukraine-suivez-ce-tete-a-tete-historique-en-alaska-6871569.php\" rel=\"nofollow noopener\" target=\"_blank\">trois heures d\u2019\u00e9change entre Donald\u00a0Trump et Vladimir\u00a0Poutine<\/a>, vendredi, sur une base militaire, en Alaska, n\u2019ont abouti \u00e0 aucun \u00ab\u00a0deal\u00a0\u00bb ou avanc\u00e9e concr\u00e8te. \u00ab\u00a0C\u2019est une tr\u00e8s bonne nouvelle qu\u2019il n\u2019y ait pas eu d\u2019accord, pour l\u2019Ukraine et pour les Europ\u00e9ens\u00a0\u00bb, estime Alberto Alemanno, professeur de droit europ\u00e9en \u00e0 HEC Paris, jugeant qu\u2019il existait un r\u00e9el danger que soit dessin\u00e9e \u00ab\u00a0une nouvelle carte de la s\u00e9curit\u00e9 en Europe\u00a0\u00bb dans le dos de Volodymyr Zelensky ou des leaders du Vieux continent.<\/p>\n<p>La recherche d\u2019une solution n\u00e9goci\u00e9e n\u2019en reste pas moins extr\u00eamement difficile. \u00ab\u00a0La triste r\u00e9alit\u00e9 est que la Russie n\u2019a aucune intention de mettre fin \u00e0 cette guerre de sit\u00f4t\u00a0\u00bb, a r\u00e9sum\u00e9 la cheffe de la diplomatie europ\u00e9enne, Kaja Kallas. De son c\u00f4t\u00e9, Emmanuel Macron a mis en garde contre \u00ab\u00a0la propension\u00a0\u00bb de la Russie \u00ab\u00a0\u00e0 ne pas tenir ses propres engagements\u00a0\u00bb.<\/p>\n<p>Faciliter un sommet Trump-Zelensky-Poutine<\/p>\n<p>Si les dirigeants europ\u00e9ens n\u2019avaient pas \u00e9t\u00e9 convi\u00e9s au sommet, o\u00f9 les pr\u00e9sidents am\u00e9ricain et russe <a href=\"https:\/\/www.letelegramme.fr\/monde\/une-poignee-de-main-historique-entre-donald-trump-et-vladimir-poutine-en-alaska-6872028.php\" rel=\"nofollow noopener\" target=\"_blank\">ont \u00e9chang\u00e9 poign\u00e9es de mains \u00e9nergiques<\/a> et flatteries, ils ont tent\u00e9 de peser sur son issue en organisant, en amont, une s\u00e9rie d\u2019appels et de r\u00e9unions extraordinaires depuis les quatre coins de l\u2019Europe &#8211; vacances d\u2019\u00e9t\u00e9 obligent. Et d\u00e8s ce samedi, ils ont essay\u00e9 de revenir dans le jeu en proposant de faciliter un sommet entre Donald Trump, Volodymyr Zelensky et Vladimir Poutine. Proposition pas encore accept\u00e9e par Moscou, frapp\u00e9e par 18 trains de sanctions europ\u00e9ennes depuis le d\u00e9but de la guerre et qui entretient des relations glaciales avec l\u2019Europe.<\/p>\n<p>S\u2019exprimant devant la presse \u00e0 Anchorage, vendredi, le pr\u00e9sident russe a d\u2019ailleurs pris les dirigeants europ\u00e9ens directement \u00e0 partie, les exhortant \u00e0 ne pas \u00ab\u00a0cr\u00e9er d\u2019obstacles\u00a0\u00bb aux tentatives pour trouver une issue \u00e0 la guerre en Ukraine. \u00ab\u00a0Il est clair que l\u2019intention de Vladimir Poutine est d\u2019\u00e9carter les Europ\u00e9ens et de garder les Am\u00e9ricains\u00a0\u00bb au centre des tractations, note James Nixey, analyste ind\u00e9pendant sp\u00e9cialis\u00e9 dans la politique \u00e9trang\u00e8re russe.<\/p>\n<p>\u00ab\u00a0Maintenir la pression sur Moscou\u00a0\u00bb<\/p>\n<p>Ce samedi matin, apr\u00e8s le compte rendu du sommet par Donald Trump, les dirigeants europ\u00e9ens ont \u00e9chang\u00e9 durant une heure avec les pr\u00e9sidents am\u00e9ricain et ukrainien, puis ont encha\u00een\u00e9 avec une deuxi\u00e8me conversation, entre eux. \u00ab\u00a0C\u2019est \u00e0 l\u2019Ukraine qu\u2019il appartiendra de prendre des d\u00e9cisions concernant son territoire\u00a0\u00bb, ont-ils martel\u00e9 dans une d\u00e9claration commune, s\u2019engageant \u00e0 \u00ab\u00a0maintenir la pression sur Moscou\u00a0\u00bb. \u00ab\u00a0La Russie ne peut avoir de droit de veto sur le chemin de l\u2019Ukraine vers l\u2019Union europ\u00e9enne et l\u2019Otan\u00a0\u00bb, ont-ils ajout\u00e9, r\u00e9affirmant leurs lignes rouges.<\/p>\n<p>Depuis le d\u00e9but de l\u2019invasion russe, les Europ\u00e9ens \u00ab\u00a0n\u2019ont jamais engag\u00e9 (de discussions) avec Poutine, rappelle Alberto Alemanno. Et l\u00e0, tout d\u2019un coup, ils doivent le faire sans savoir exactement quels sont les termes d\u2019engagement\u00a0\u00bb, d\u00e9crypte l\u2019analyste, estimant que les dirigeants \u00ab\u00a0sont un peu coinc\u00e9s\u00a0\u00bb.<\/p>\n<p>Zelensky \u00e0 Washington lundi<\/p>\n<p>L\u2019\u00e9quation est d\u2019autant plus p\u00e9rilleuse que Donald Trump a clairement laiss\u00e9 entendre qu\u2019il pourrait se d\u00e9sengager de ce conflit, apr\u00e8s avoir maintes fois promis de le r\u00e9soudre en \u00ab\u00a024 heures\u00a0\u00bb. Et que les Europ\u00e9ens n\u2019ont, aux yeux de nombreux experts, pas les moyens d\u2019assumer seuls le soutien \u00e0 l\u2019Ukraine, malgr\u00e9 leurs efforts entrepris pour renforcer les capacit\u00e9s de d\u00e9fense du continent. \u00ab\u00a0Quand je me suis r\u00e9veill\u00e9e ce matin, ma premi\u00e8re pens\u00e9e a \u00e9t\u00e9 que nous devions nous d\u00e9p\u00eacher encore plus de nous r\u00e9armer\u00a0\u00bb, a assur\u00e9 la Premi\u00e8re ministre danoise, Mette Frederiksen.<\/p>\n<p>Soucieux de se montrer \u00e0 la man\u0153uvre pour mettre fin au plus sanglant conflit en Europe depuis la Seconde Guerre mondiale, Emmanuel Macron, le Premier ministre britannique, Keir Starmer, et le chancelier allemand, Friedrich Merz, ont convoqu\u00e9 une r\u00e9union, dimanche, avec les pays de la \u00ab\u00a0coalition des volontaires\u00a0\u00bb alli\u00e9s de Kiev. Des concertations organis\u00e9es quelques heures seulement avant un d\u00e9placement de Volodymyr Zelensky \u00e0 Washington, lundi, pour rencontrer Donald Trump. Fait notable\u00a0: quelques dirigeants europ\u00e9ens pourraient \u00eatre convi\u00e9s \u00e0 la rencontre.<\/p>\n","protected":false},"excerpt":{"rendered":"Les trois heures d\u2019\u00e9change entre Donald\u00a0Trump et Vladimir\u00a0Poutine, vendredi, sur une base militaire, en Alaska, n\u2019ont abouti \u00e0&hellip;\n","protected":false},"author":2,"featured_media":323830,"comment_status":"","ping_status":"","sticky":false,"template":"","format":"standard","meta":{"footnotes":""},"categories":[1586],"tags":[11,1777,674,1011,27,2069,74,12,25],"class_list":{"0":"post-323829","1":"post","2":"type-post","3":"status-publish","4":"format-standard","5":"has-post-thumbnail","7":"category-europe","8":"tag-actualites","9":"tag-eu","10":"tag-europe","11":"tag-fr","12":"tag-france","13":"tag-guerre-ukraine-russie","14":"tag-monde","15":"tag-news","16":"tag-republique-francaise"},"share_on_mastodon":{"url":"https:\/\/pubeurope.com\/@fr\/115041176398841009","error":""},"_links":{"self":[{"href":"https:\/\/www.europesays.com\/fr\/wp-json\/wp\/v2\/posts\/323829","targetHints":{"allow":["GET"]}}],"collection":[{"href":"https:\/\/www.europesays.com\/fr\/wp-json\/wp\/v2\/posts"}],"about":[{"href":"https:\/\/www.europesays.com\/fr\/wp-json\/wp\/v2\/types\/post"}],"author":[{"embeddable":true,"href":"https:\/\/www.europesays.com\/fr\/wp-json\/wp\/v2\/users\/2"}],"replies":[{"embeddable":true,"href":"https:\/\/www.europesays.com\/fr\/wp-json\/wp\/v2\/comments?post=323829"}],"version-history":[{"count":0,"href":"https:\/\/www.europesays.com\/fr\/wp-json\/wp\/v2\/posts\/323829\/revisions"}],"wp:featuredmedia":[{"embeddable":true,"href":"https:\/\/www.europesays.com\/fr\/wp-json\/wp\/v2\/media\/323830"}],"wp:attachment":[{"href":"https:\/\/www.europesays.com\/fr\/wp-json\/wp\/v2\/media?parent=323829"}],"wp:term":[{"taxonomy":"category","embeddable":true,"href":"https:\/\/www.europesays.com\/fr\/wp-json\/wp\/v2\/categories?post=323829"},{"taxonomy":"post_tag","embeddable":true,"href":"https:\/\/www.europesays.com\/fr\/wp-json\/wp\/v2\/tags?post=323829"}],"curies":[{"name":"wp","href":"https:\/\/api.w.org\/{rel}","templated":true}]}}