{"id":323831,"date":"2025-08-17T00:03:20","date_gmt":"2025-08-17T00:03:20","guid":{"rendered":"https:\/\/www.europesays.com\/fr\/323831\/"},"modified":"2025-08-17T00:03:20","modified_gmt":"2025-08-17T00:03:20","slug":"rayan-cherki-ex-ol-na-eu-besoin-que-de-7-minutes-pour-marquer-son-1er-but-en-premier-league","status":"publish","type":"post","link":"https:\/\/www.europesays.com\/fr\/323831\/","title":{"rendered":"Rayan Cherki (ex-OL) n&rsquo;a eu besoin que de 7 minutes pour marquer son 1er but en Premier League"},"content":{"rendered":"<p itemprop=\"description\"><strong>Il est pr\u00eat \u00e0 faire de la Premier League son terrain de jeu.<\/strong><\/p>\n<p>Ce samedi soir, <strong>Rayan Cherki<\/strong> \u00e9tait sur le banc au coup d&rsquo;envoi de Wolves-Manchester City, la premi\u00e8re rencontre de la saison.<\/p>\n<p>Entr\u00e9 en jeu \u00e0 la 73e minute \u00e0 la place de son grand copain <strong>Erling Haaland<\/strong>, l&rsquo;ancien Lyonnais n&rsquo;a eu besoin que de sept minutes pour marquer son premier but en championnat.<\/p>\n<p>A l&rsquo;image du but qu&rsquo;il avait inscrit \u00e0 la Coupe du Monde des Clubs avec les Cityzens, Rayan Cherki dribble \u00e0 l&rsquo;entr\u00e9e de la surface et d\u00e9croche une grosse frappe du droit crois\u00e9 \u00e0 ras-de-terre.<\/p>\n<blockquote class=\"twitter-tweet\"><p>&#13;<\/p>\n<p dir=\"ltr\" lang=\"fr\">RAYAN CHERKI D\u00c9J\u00c0 BUTEUR \ud83e\udd2f<\/p>\n<p>Il n&rsquo;aura suffit que de 5 mlinutes pour que le crack fran\u00e7ais n&rsquo;ouvre son compteur avec Manchester City. 4-0 pour la bande \u00e0 Pep Guardiola \u26bd\ufe0f<a href=\"https:\/\/twitter.com\/hashtag\/WOLMCI?src=hash&amp;ref_src=twsrc%5Etfw\" target=\"_blank\" rel=\"noopener\">#WOLMCI<\/a> | <a href=\"https:\/\/twitter.com\/hashtag\/PremierLeague?src=hash&amp;ref_src=twsrc%5Etfw\" target=\"_blank\" rel=\"noopener\">#PremierLeague<\/a> I <a href=\"https:\/\/twitter.com\/hashtag\/rayancherki?src=hash&amp;ref_src=twsrc%5Etfw\" target=\"_blank\" rel=\"noopener\">#rayancherki<\/a> <a href=\"https:\/\/t.co\/fRCFGYPgIG\">pic.twitter.com\/fRCFGYPgIG<\/a><\/p>\n<p>&#13;<br \/>\n\u2014 CANAL+ Foot (@CanalplusFoot) <a href=\"https:\/\/twitter.com\/CanalplusFoot\/status\/1956782229125734485?ref_src=twsrc%5Etfw\" target=\"_blank\" rel=\"noopener\">August 16, 2025<\/a><\/p><\/blockquote>\n<p>Le but du 4-0 pour Manchester City a \u00e9t\u00e9 c\u00e9l\u00e9br\u00e9 \u00e0 la <strong>Thierry Henry<\/strong> par le joueur form\u00e9 \u00e0 l&rsquo;OL : la main pos\u00e9e sur le poteau de corner face au public.<\/p>\n<p>\t\t  <script async src=\"https:\/\/platform.twitter.com\/widgets.js\" charset=\"utf-8\"><\/script><\/p>\n","protected":false},"excerpt":{"rendered":"Il est pr\u00eat \u00e0 faire de la Premier League son terrain de jeu. Ce samedi soir, Rayan Cherki&hellip;\n","protected":false},"author":2,"featured_media":323832,"comment_status":"","ping_status":"","sticky":false,"template":"","format":"standard","meta":{"footnotes":""},"categories":[1586],"tags":[1111,11,2813,1109,1112,1777,674,1779,2257,1011,27,1922,1110,1114,2851,12,241,25,517,1778,364],"class_list":{"0":"post-323831","1":"post","2":"type-post","3":"status-publish","4":"format-standard","5":"has-post-thumbnail","7":"category-europe","8":"tag-actu","9":"tag-actualites","10":"tag-article","11":"tag-breves","12":"tag-depeches","13":"tag-eu","14":"tag-europe","15":"tag-european-union","16":"tag-foot","17":"tag-fr","18":"tag-france","19":"tag-info","20":"tag-informations","21":"tag-infos","22":"tag-lyonfoot","23":"tag-news","24":"tag-ol","25":"tag-republique-francaise","26":"tag-sport","27":"tag-ue","28":"tag-union-europeenne"},"share_on_mastodon":{"url":"https:\/\/pubeurope.com\/@fr\/115041180373576808","error":""},"_links":{"self":[{"href":"https:\/\/www.europesays.com\/fr\/wp-json\/wp\/v2\/posts\/323831","targetHints":{"allow":["GET"]}}],"collection":[{"href":"https:\/\/www.europesays.com\/fr\/wp-json\/wp\/v2\/posts"}],"about":[{"href":"https:\/\/www.europesays.com\/fr\/wp-json\/wp\/v2\/types\/post"}],"author":[{"embeddable":true,"href":"https:\/\/www.europesays.com\/fr\/wp-json\/wp\/v2\/users\/2"}],"replies":[{"embeddable":true,"href":"https:\/\/www.europesays.com\/fr\/wp-json\/wp\/v2\/comments?post=323831"}],"version-history":[{"count":0,"href":"https:\/\/www.europesays.com\/fr\/wp-json\/wp\/v2\/posts\/323831\/revisions"}],"wp:featuredmedia":[{"embeddable":true,"href":"https:\/\/www.europesays.com\/fr\/wp-json\/wp\/v2\/media\/323832"}],"wp:attachment":[{"href":"https:\/\/www.europesays.com\/fr\/wp-json\/wp\/v2\/media?parent=323831"}],"wp:term":[{"taxonomy":"category","embeddable":true,"href":"https:\/\/www.europesays.com\/fr\/wp-json\/wp\/v2\/categories?post=323831"},{"taxonomy":"post_tag","embeddable":true,"href":"https:\/\/www.europesays.com\/fr\/wp-json\/wp\/v2\/tags?post=323831"}],"curies":[{"name":"wp","href":"https:\/\/api.w.org\/{rel}","templated":true}]}}