{"id":323833,"date":"2025-08-17T00:04:09","date_gmt":"2025-08-17T00:04:09","guid":{"rendered":"https:\/\/www.europesays.com\/fr\/323833\/"},"modified":"2025-08-17T00:04:09","modified_gmt":"2025-08-17T00:04:09","slug":"jean-luc-melenchon-appelle-a-la-censure-de-francois-bayrou-et-soutient-le-mouvement-de-blocage-du-10-septembre","status":"publish","type":"post","link":"https:\/\/www.europesays.com\/fr\/323833\/","title":{"rendered":"Jean-Luc M\u00e9lenchon appelle \u00e0 la censure de Fran\u00e7ois Bayrou et soutient le mouvement de blocage du 10 septembre"},"content":{"rendered":"<p>\u00abNous d\u00e9poserons imm\u00e9diatement une motion de censure pour faire tomber le gouvernement\u00bb, pr\u00e9viennent les signataires du texte paru dans La Tribune Dimanche, dont la cheffe des d\u00e9put\u00e9s LFI, Mathilde Panot, et le coordinateur du parti, Manuel Bompard.<\/p>\n<p class=\"fig-paragraph\"><a href=\"http:\/\/www.lefigaro.fr\/politique\/entre-raphael-glucksmann-et-jean-luc-melenchon-le-match-qui-vient-a-gauche-20250701\" data-fig-type=\"Article\" data-gtm-custom-categorie=\"navigation\" data-gtm-custom-action=\"crossclick\" data-gtm-custom-label=\"Contextuel\" data-gtm-event=\"customEventSPE\" data-fig-domain=\"LEFIGARO\" rel=\"nofollow noopener\" target=\"_blank\">Jean-Luc M\u00e9lenchon<\/a>\u00a0et plusieurs responsables LFI ont appel\u00e9 samedi \u00e0 censurer le premier ministre, Fran\u00e7ois Bayrou, et apport\u00e9 leur soutien \u00e0 l&rsquo;appel \u00e0 \u00abtout bloquer\u00bb le 10 septembre\u00a0<a href=\"http:\/\/www.lefigaro.fr\/social\/sans-nous-ils-ne-sont-rien-quel-est-ce-collectif-qui-appelle-a-bloquer-le-pays-a-partir-du-10-septembre-20250723\" data-fig-type=\"NewsFlash\" data-gtm-custom-categorie=\"navigation\" data-gtm-custom-action=\"crossclick\" data-gtm-custom-label=\"Contextuel\" data-gtm-event=\"customEventSPE\" data-fig-domain=\"LEFIGARO\" rel=\"nofollow noopener\" target=\"_blank\">lanc\u00e9 par des internautes<\/a>, dans un texte paru dans\u00a0<a href=\"https:\/\/www.latribune.fr\/la-tribune-dimanche\/politique\/opinion-il-faut-renvoyer-francois-bayrou-tout-de-suite-par-jean-luc-melenchon-1031209.html\" target=\"_blank\" rel=\"sponsored noopener nofollow\" data-gtm-custom-categorie=\"navigation\" data-gtm-custom-action=\"crossclick\" data-gtm-custom-label=\"Contextuel\" data-gtm-event=\"customEventSPE\">La Tribune Dimanche.<\/a><\/p>\n<p class=\"fig-paragraph\">\u00abNous appelons \u00e0 une offensive d\u00e9termin\u00e9e pour faire tomber ce gouvernement. Sur le terrain par la mobilisation populaire tous azimuts et au Parlement par une motion de censure imm\u00e9diate\u00bb, \u00e9crit Jean-Luc M\u00e9lenchon, en estimant que \u00ables deux doivent aller de pair, car faire l&rsquo;un sans l&rsquo;autre est vain ou bien incertain\u00bb. \u00abNous ne laisserons pas faire\u00bb, insiste le leader des Insoumis, qui demande \u00abque l&rsquo;Assembl\u00e9e nationale soit r\u00e9unie au plus vite en session extraordinaire\u00bb.<\/p>\n<p>                                    <a class=\"fig-a11y-skip a11y-hidden\" href=\"#fig-a11y-skip-main-inarticle\"><br \/>\n        Passer la publicit\u00e9<br \/>\n    <\/a><\/p>\n<p class=\"fig-paragraph\">\u00abL&rsquo;actualit\u00e9 l&rsquo;exige. Nous d\u00e9poserons imm\u00e9diatement une motion de censure pour faire tomber le gouvernement\u00bb, pr\u00e9viennent les signataires de la tribune, dont la cheffe des d\u00e9put\u00e9s LFI, Mathilde Panot, et le coordinateur du parti, Manuel Bompard, selon qui \u00abce gouvernement est incapable d&rsquo;entendre raison\u00bb et \u00abpr\u00e9pare la rentr\u00e9e avec un projet de budget d\u00e9vastateur\u00bb. \u00abIl faut renvoyer Fran\u00e7ois Bayrou et son gouvernement, tout de suite\u00bb, \u00e9crivent-ils.<\/p>\n<p>Soutien \u00e0 l\u2019initiative populaire du 10 septembre<\/p>\n<p class=\"fig-paragraph\">Les responsables de La France insoumise ont par ailleurs \u00abd\u00e9cid\u00e9 de soutenir l&rsquo;initiative populaire du 10 septembre\u00bb. Venus d&rsquo;horizons divers, des appels \u00e0 \u00abtout bloquer\u00bb dans le pays \u00e0 cette date se multiplient sur les r\u00e9seaux sociaux, en se cristallisant autour des coupes budg\u00e9taires voulues par Fran\u00e7ois Bayrou. Leur possible concr\u00e9tisation dans la rue reste une inconnue.<\/p>\n<p class=\"fig-paragraph\">Sur de nombreux comptes d\u00e9j\u00e0 \u00e9tablis ou sp\u00e9cialement cr\u00e9\u00e9s, les messages de ce mouvement \u00e0 l&rsquo;\u00e9tat gazeux peuvent mentionner le r\u00e9f\u00e9rendum d&rsquo;initiative citoyenne, r\u00e9clamer des hausses de salaires et des retraites ou appeler \u00e0 la \u00abr\u00e9sistance\u00bb, au confinement volontaire ou la gr\u00e8ve g\u00e9n\u00e9rale.<\/p>\n<p class=\"fig-paragraph\">\u00abNous demandons \u00e0 tous ceux qui partagent nos principes et notre volont\u00e9 d&rsquo;action pour en finir avec le gouvernement Bayrou de se mettre imm\u00e9diatement au service des collectifs locaux qui proposent cette mobilisation et \u00e0 tout faire pour sa r\u00e9ussite\u00bb, encouragent les Insoumis.<\/p>\n","protected":false},"excerpt":{"rendered":"\u00abNous d\u00e9poserons imm\u00e9diatement une motion de censure pour faire tomber le gouvernement\u00bb, pr\u00e9viennent les signataires du texte paru&hellip;\n","protected":false},"author":2,"featured_media":323834,"comment_status":"","ping_status":"","sticky":false,"template":"","format":"standard","meta":{"footnotes":""},"categories":[2],"tags":[11,426,427,422,423,1011,27,418,424,425,420,421,12,419,316,429,25,428],"class_list":{"0":"post-323833","1":"post","2":"type-post","3":"status-publish","4":"format-standard","5":"has-post-thumbnail","7":"category-actualites","8":"tag-actualites","9":"tag-candidat","10":"tag-candidats","11":"tag-depute","12":"tag-deputes","13":"tag-fr","14":"tag-france","15":"tag-gouvernement","16":"tag-institution","17":"tag-institutions","18":"tag-loi","19":"tag-lois","20":"tag-news","21":"tag-opposition","22":"tag-politique","23":"tag-ps","24":"tag-republique-francaise","25":"tag-ump"},"share_on_mastodon":{"url":"https:\/\/pubeurope.com\/@fr\/115041184280685456","error":""},"_links":{"self":[{"href":"https:\/\/www.europesays.com\/fr\/wp-json\/wp\/v2\/posts\/323833","targetHints":{"allow":["GET"]}}],"collection":[{"href":"https:\/\/www.europesays.com\/fr\/wp-json\/wp\/v2\/posts"}],"about":[{"href":"https:\/\/www.europesays.com\/fr\/wp-json\/wp\/v2\/types\/post"}],"author":[{"embeddable":true,"href":"https:\/\/www.europesays.com\/fr\/wp-json\/wp\/v2\/users\/2"}],"replies":[{"embeddable":true,"href":"https:\/\/www.europesays.com\/fr\/wp-json\/wp\/v2\/comments?post=323833"}],"version-history":[{"count":0,"href":"https:\/\/www.europesays.com\/fr\/wp-json\/wp\/v2\/posts\/323833\/revisions"}],"wp:featuredmedia":[{"embeddable":true,"href":"https:\/\/www.europesays.com\/fr\/wp-json\/wp\/v2\/media\/323834"}],"wp:attachment":[{"href":"https:\/\/www.europesays.com\/fr\/wp-json\/wp\/v2\/media?parent=323833"}],"wp:term":[{"taxonomy":"category","embeddable":true,"href":"https:\/\/www.europesays.com\/fr\/wp-json\/wp\/v2\/categories?post=323833"},{"taxonomy":"post_tag","embeddable":true,"href":"https:\/\/www.europesays.com\/fr\/wp-json\/wp\/v2\/tags?post=323833"}],"curies":[{"name":"wp","href":"https:\/\/api.w.org\/{rel}","templated":true}]}}