{"id":323839,"date":"2025-08-17T00:09:10","date_gmt":"2025-08-17T00:09:10","guid":{"rendered":"https:\/\/www.europesays.com\/fr\/323839\/"},"modified":"2025-08-17T00:09:10","modified_gmt":"2025-08-17T00:09:10","slug":"rugby-amateur-tu-sais-que-tu-es-la-memoire-du-vestiaire-quand","status":"publish","type":"post","link":"https:\/\/www.europesays.com\/fr\/323839\/","title":{"rendered":"RUGBY AMATEUR. Tu sais que tu es \u00a0\u00bbla m\u00e9moire du vestiaire\u00a0\u00bb quand\u2026"},"content":{"rendered":"<p>Dans chaque club, il y a toujours un joueur ou une joueuse qui conna\u00eet absolument tous les secrets du vestiaire. Pas besoin de cahier ni d\u2019archives officielles : il ou elle garde en t\u00eate les anecdotes croustillantes, <strong>les stats improbables et les histoires qu\u2019on pr\u00e9f\u00e9rerait parfois oublier.<\/strong> Bref, c\u2019est la m\u00e9moire du vestiaire. Et si c\u2019\u00e9tait toi ?<\/p>\n<p>Les petites histoires qui font la grande histoire<\/p>\n<p>Parce qu\u2019un club ne vit pas seulement de <a href=\"https:\/\/www.lerugbynistere.fr\/videos\/plaquages.php\" ui-sref=\"app.tag\" alt=\"Plaquages\" data-route=\"app.tag\" data-param=\"slug\" data-id=\"plaquages\" rel=\"nofollow noopener\" target=\"_blank\">plaquages<\/a> et d\u2019essais, mais aussi d\u2019anecdotes :<\/p>\n<ul>&#13;<\/p>\n<li>Tu te souviens encore du premier essai marqu\u00e9 par le pilier gauche en 2014 (et tu en parles comme si c\u2019\u00e9tait hier).<\/li>\n<p>&#13;<\/p>\n<li>Tu connais par c\u0153ur le score exact de la finale du challenge r\u00e9gional perdue en 2009\u2026 et la compo d\u2019\u00e9quipe au complet.<\/li>\n<p>&#13;<\/p>\n<li>Tu es capable de ressortir l\u2019histoire de la fois\u00a0ton pilier et ton talon se sont cass\u00e9s le nez en \u00ab\u00a0s&rsquo;\u00e9chauffant\u00a0\u00bb dans le vestiaire \u00e0 base de\u00a0coups de casque<\/li>\n<p>&#13;<\/p>\n<li>Tu sais exactement qui a oubli\u00e9 ses crampons le jour du derby\u2026 et tu le lui rappelles encore tous les ans.<\/li>\n<p>&#13;<\/p>\n<li>Tu n\u2019as pas oubli\u00e9 la fois o\u00f9 ton deuxi\u00e8me latte a tent\u00e9 un drop de 60 m\u00e8tres\u2026 qui a atterri dans le champ voisin.<\/li>\n<p>&#13;<\/p>\n<li>Tu es la seule personne \u00e0 te rappeler qui a d\u00e9j\u00e0 marqu\u00e9 un essai en coin \u00e0 la 79\u1d49 \u00e0 Pont-\u00e0-Mousson sous la gr\u00eale.<\/li>\n<p>&#13;\n<\/ul>\n<p>Les archives vivantes du club<\/p>\n<p>Les vestiaires ont beau changer de peinture, certaines choses ne s\u2019effacent pas :<\/p>\n<ul>&#13;<\/p>\n<li>Tu as en t\u00eate le nom de tous les capitaines depuis quinze ans, m\u00eame ceux qui n\u2019ont port\u00e9 le brassard qu\u2019un seul match.<\/li>\n<p>&#13;<\/p>\n<li>Tu gardes la m\u00e9moire de toutes les tourn\u00e9es, des plus glorieuses aux plus folkloriques.<\/li>\n<p>&#13;<\/p>\n<li>Tu connais les chants de 3\u1d49 mi-temps que les jeunes n\u2019ont jamais entendus.<\/li>\n<p>&#13;<\/p>\n<li>Tu te rappelles l\u2019\u00e9poque o\u00f9 les maillots \u00e9taient en coton\u2026 et o\u00f9 on en ressortait avec trois kilos de plus apr\u00e8s la pluie.<\/li>\n<p>&#13;<\/p>\n<li>Tu te souviens encore de l\u2019odeur du vestiaire en 2011 apr\u00e8s un match sous la boue\u2026 et tu peux la d\u00e9crire avec pr\u00e9cision.<\/li>\n<p>&#13;<\/p>\n<li>Tu es capable de citer le nombre exact de cartons jaunes re\u00e7us par le club la saison 2016-2017.<\/li>\n<p>&#13;<\/p>\n<li>Tu racontes encore le jour o\u00f9 l\u2019arbitre a siffl\u00e9 la fin de match\u2026 alors qu\u2019il restait 10 minutes (et que tout le monde \u00e9tait trop content pour contester).<\/li>\n<p>&#13;\n<\/ul>\n<p>La m\u00e9moire qui pique<\/p>\n<p>Parce que la m\u00e9moire du vestiaire, <strong>ce n\u2019est pas seulement l\u2019histoire officielle<\/strong>\u2026 c\u2019est aussi celle qu\u2019on sort en 3\u1d49 mi-temps pour faire rougir les copains :<\/p>\n<ul>&#13;<\/p>\n<li>Tu te rappelles du joueur qui a confondu l\u2019huile de massage avec le gel coiffant.<\/li>\n<p>&#13;<\/p>\n<li>Tu sais qui a tent\u00e9 de s\u00e9cher l\u2019entra\u00eenement parce qu\u2019il avait \u201cpiscine\u201d&#8230;<\/li>\n<p>&#13;<\/p>\n<li>Tu te rappelles du fameux \u201cap\u00e9ro tactique\u201d o\u00f9 la moiti\u00e9 du XV titulaire n\u2019a jamais vu la fin du PowerPoint.<\/li>\n<p>&#13;<\/p>\n<li>Tu sais exactement qui a rendu son maillot un dimanche matin\u2026 encore \u00ab\u00a0frais\u00a0\u00bb de la veille.<\/li>\n<p>&#13;<\/p>\n<li>Tu racontes encore la tourn\u00e9e o\u00f9 le bus est parti sans le pilier droit\u2026 retrouv\u00e9 deux jours plus tard en <a href=\"https:\/\/www.lerugbynistere.fr\/equipes-nationales\/espagne.php\" ui-sref=\"app.team({teamId: 2199})\" alt=\"Espagne\" data-route=\"app.team\" data-param=\"teamId\" data-id=\"2199\" rel=\"nofollow noopener\" target=\"_blank\">Espagne<\/a>.<\/li>\n<p>&#13;<\/p>\n<li>Tu n\u2019oublieras jamais le chant improvis\u00e9 du 15 ao\u00fbt 2018, repris par tout un bar \u00e0 3h du matin.<\/li>\n<p>&#13;<\/p>\n<li>Tu es le seul \u00e0 pouvoir citer tous les surnoms les plus improbables du club : de \u201cChaussette trou\u00e9e\u201d \u00e0 \u201c\u00c9chalas volant\u201d.<\/li>\n<p>&#13;\n<\/ul>\n<p>L\u2019\u00e2me du vestiaire<\/p>\n<p>\u00catre \u201cla m\u00e9moire du vestiaire\u201d, c\u2019est un peu plus qu\u2019un r\u00f4le officieux : <strong>c\u2019est un trait d\u2019\u00e2me qui soude les g\u00e9n\u00e9rations<\/strong>. Tu ne marques peut-\u00eatre pas tous les essais, mais tu rappelles \u00e0 tout le monde d\u2019o\u00f9 vient le club et pourquoi on se bat sur le terrain.<\/p>\n<p>Et finalement, c\u2019est \u00e7a le rugby : des souvenirs partag\u00e9s, des histoires transmises et une identit\u00e9 forg\u00e9e entre quatre murs <strong>qui sentent la transpiration, le camphre\u2026 et la l\u00e9gende.<\/strong><\/p>\n","protected":false},"excerpt":{"rendered":"Dans chaque club, il y a toujours un joueur ou une joueuse qui conna\u00eet absolument tous les secrets&hellip;\n","protected":false},"author":2,"featured_media":323840,"comment_status":"","ping_status":"","sticky":false,"template":"","format":"standard","meta":{"footnotes":""},"categories":[1416],"tags":[1011,27,479,1468,60],"class_list":{"0":"post-323839","1":"post","2":"type-post","3":"status-publish","4":"format-standard","5":"has-post-thumbnail","7":"category-rugby","8":"tag-fr","9":"tag-france","10":"tag-rugby","11":"tag-rugby-football","12":"tag-sports"},"share_on_mastodon":{"url":"https:\/\/pubeurope.com\/@fr\/115041203870961611","error":""},"_links":{"self":[{"href":"https:\/\/www.europesays.com\/fr\/wp-json\/wp\/v2\/posts\/323839","targetHints":{"allow":["GET"]}}],"collection":[{"href":"https:\/\/www.europesays.com\/fr\/wp-json\/wp\/v2\/posts"}],"about":[{"href":"https:\/\/www.europesays.com\/fr\/wp-json\/wp\/v2\/types\/post"}],"author":[{"embeddable":true,"href":"https:\/\/www.europesays.com\/fr\/wp-json\/wp\/v2\/users\/2"}],"replies":[{"embeddable":true,"href":"https:\/\/www.europesays.com\/fr\/wp-json\/wp\/v2\/comments?post=323839"}],"version-history":[{"count":0,"href":"https:\/\/www.europesays.com\/fr\/wp-json\/wp\/v2\/posts\/323839\/revisions"}],"wp:featuredmedia":[{"embeddable":true,"href":"https:\/\/www.europesays.com\/fr\/wp-json\/wp\/v2\/media\/323840"}],"wp:attachment":[{"href":"https:\/\/www.europesays.com\/fr\/wp-json\/wp\/v2\/media?parent=323839"}],"wp:term":[{"taxonomy":"category","embeddable":true,"href":"https:\/\/www.europesays.com\/fr\/wp-json\/wp\/v2\/categories?post=323839"},{"taxonomy":"post_tag","embeddable":true,"href":"https:\/\/www.europesays.com\/fr\/wp-json\/wp\/v2\/tags?post=323839"}],"curies":[{"name":"wp","href":"https:\/\/api.w.org\/{rel}","templated":true}]}}