{"id":323841,"date":"2025-08-17T00:10:13","date_gmt":"2025-08-17T00:10:13","guid":{"rendered":"https:\/\/www.europesays.com\/fr\/323841\/"},"modified":"2025-08-17T00:10:13","modified_gmt":"2025-08-17T00:10:13","slug":"us-open-sloane-stephens-met-la-pression-sur-lus-open-il-reste-encore-de-largent-a-gagner","status":"publish","type":"post","link":"https:\/\/www.europesays.com\/fr\/323841\/","title":{"rendered":"US Open > Sloane Stephens met la pression sur l\u2019US Open : \u00ab\u00a0Il reste encore de l\u2019argent\u00a0\u00e0\u00a0gagner\u00a0\u00bb"},"content":{"rendered":"<p>Sloane Stephens n\u2019a pas \u00e9t\u00e9 tendre, \u00e0 l\u2019en\u00adcontre de la direc\u00adtion de l\u2019US Open et de son prize\u2010money, <a href=\"https:\/\/www.welovetennis.fr\/us-open\/un-pactole-record-a-lus-open\" data-wpel-link=\"internal\" rel=\"nofollow noopener\" target=\"_blank\">pour\u00adtant forte\u00adment augment\u00e9 cette ann\u00e9e<\/a>.<\/p>\n<p>La laur\u00e9ate de l\u2019US Open 2017 s\u2019est exprim\u00e9e sur le sujet dans des propos relay\u00e9s par <a href=\"https:\/\/tennisuptodate.com\/wta\/theres-still-more-money-to-be-made-sloane-stephens-on-the-increase-in-prize-money-at-the-2025-us-open\" data-wpel-link=\"external\" target=\"_blank\" rel=\"nofollow external noopener\">Tennis Up to Date<\/a>\u00a0:<\/p>\n<p><strong>\u00ab\u202fIl reste encore de l\u2019argent \u00e0 gagner. Il y a encore des oppor\u00adtu\u00adnit\u00e9s. Nous travaillons, nous allons dans cette direc\u00adtion. Je pense que les tour\u00adnois du Grand Chelem ont beau\u00adcoup de contr\u00f4le sur ce qui se passe et sur le montant d\u2019argent qui nous est attribu\u00e9. Ces choses prennent du temps. C\u2019est une rela\u00adtion d\u2019af\u00adfaires tr\u00e8s \u00e9qui\u00adli\u00adbr\u00e9e, mais nous n\u2019ob\u00adte\u00adnons \u00e9videm\u00adment pas pr\u00e8s de 50\u202f%. Donc, pouvoir augmenter les primes et avoir un peu plus d\u2019\u00e9quit\u00e9, je pense que c\u2019est ce que nous recherchons.\u202f\u00bb<\/strong><\/p>\n<p>Pour rappel, les r\u00e9sul\u00adtats de l\u2019Am\u00e9ricaine sont en berne depuis plusieurs saisons\u00a0: elle n\u2019a parti\u00adcip\u00e9 qu\u2019\u00e0 trois tour\u00adnois cette ann\u00e9e, pour trois d\u00e9faites au premier tour.<\/p>\n<p class=\"post-published-date\" style=\"color: silver; font-size: 75%; text-align: left;\">Publi\u00e9 le samedi 16 ao\u00fbt 2025 \u00e0 17:45<\/p>\n","protected":false},"excerpt":{"rendered":"Sloane Stephens n\u2019a pas \u00e9t\u00e9 tendre, \u00e0 l\u2019en\u00adcontre de la direc\u00adtion de l\u2019US Open et de son prize\u2010money,&hellip;\n","protected":false},"author":2,"featured_media":323842,"comment_status":"","ping_status":"","sticky":false,"template":"","format":"standard","meta":{"footnotes":""},"categories":[1415],"tags":[1011,27,60,28442,1467],"class_list":{"0":"post-323841","1":"post","2":"type-post","3":"status-publish","4":"format-standard","5":"has-post-thumbnail","7":"category-tennis","8":"tag-fr","9":"tag-france","10":"tag-sports","11":"tag-stephens","12":"tag-tennis"},"share_on_mastodon":{"url":"https:\/\/pubeurope.com\/@fr\/115041207842983570","error":""},"_links":{"self":[{"href":"https:\/\/www.europesays.com\/fr\/wp-json\/wp\/v2\/posts\/323841","targetHints":{"allow":["GET"]}}],"collection":[{"href":"https:\/\/www.europesays.com\/fr\/wp-json\/wp\/v2\/posts"}],"about":[{"href":"https:\/\/www.europesays.com\/fr\/wp-json\/wp\/v2\/types\/post"}],"author":[{"embeddable":true,"href":"https:\/\/www.europesays.com\/fr\/wp-json\/wp\/v2\/users\/2"}],"replies":[{"embeddable":true,"href":"https:\/\/www.europesays.com\/fr\/wp-json\/wp\/v2\/comments?post=323841"}],"version-history":[{"count":0,"href":"https:\/\/www.europesays.com\/fr\/wp-json\/wp\/v2\/posts\/323841\/revisions"}],"wp:featuredmedia":[{"embeddable":true,"href":"https:\/\/www.europesays.com\/fr\/wp-json\/wp\/v2\/media\/323842"}],"wp:attachment":[{"href":"https:\/\/www.europesays.com\/fr\/wp-json\/wp\/v2\/media?parent=323841"}],"wp:term":[{"taxonomy":"category","embeddable":true,"href":"https:\/\/www.europesays.com\/fr\/wp-json\/wp\/v2\/categories?post=323841"},{"taxonomy":"post_tag","embeddable":true,"href":"https:\/\/www.europesays.com\/fr\/wp-json\/wp\/v2\/tags?post=323841"}],"curies":[{"name":"wp","href":"https:\/\/api.w.org\/{rel}","templated":true}]}}