{"id":323847,"date":"2025-08-17T00:13:13","date_gmt":"2025-08-17T00:13:13","guid":{"rendered":"https:\/\/www.europesays.com\/fr\/323847\/"},"modified":"2025-08-17T00:13:13","modified_gmt":"2025-08-17T00:13:13","slug":"ecclestone-revient-sur-la-perte-des-gp-dinde-et-de-coree","status":"publish","type":"post","link":"https:\/\/www.europesays.com\/fr\/323847\/","title":{"rendered":"Ecclestone revient sur la perte des GP d\u2019Inde et de Cor\u00e9e"},"content":{"rendered":"<p>Dans les ann\u00e9es 2010, la Formule 1 a tent\u00e9 de renforcer son ancrage en Asie avec l\u2019organisation du Grand Prix de Cor\u00e9e du Sud \u00e0 Yeongam, puis du Grand Prix d\u2019Inde \u00e0 Buddh. Deux projets ambitieux, cens\u00e9s ouvrir la discipline \u00e0 de nouveaux march\u00e9s.<\/p>\n<p><b>Des obstacles insurmontables<\/b><\/p>\n<p>Le Grand Prix d\u2019Inde avait pourtant d\u00e9marr\u00e9 en trombe avec plus de 95 000 spectateurs lors de sa premi\u00e8re \u00e9dition, avant de rapidement voir la fr\u00e9quentation chuter. La Cor\u00e9e, de son c\u00f4t\u00e9, a souffert de l\u2019isolement g\u00e9ographique de son circuit et d\u2019un manque d\u2019enthousiasme local. Des probl\u00e8mes administratifs et fiscaux ont finalement pr\u00e9cipit\u00e9 la disparition de ces deux rendez-vous.<\/p>\n<p><b>Ecclestone, tr\u00e8s en col\u00e8re<\/b><\/p>\n<p>Cette figure majeure n\u2019est autre que Bernie Ecclestone, alors patron de la discipline. L\u2019ancien grand argentier de la F1 n\u2019a jamais cach\u00e9 sa frustration et son agacement face \u00e0 ces \u00e9checs. Il a reconnu avoir \u00e9t\u00e9 \u00ab tr\u00e8s, tr\u00e8s en col\u00e8re \u00bb au moment de voir dispara\u00eetre ces Grands Prix, estimant qu\u2019ils repr\u00e9sentaient une opportunit\u00e9 unique pour l\u2019expansion de la F1 en Asie.<\/p>\n<blockquote>\n<p>\u201cLa Cor\u00e9e du Sud et l\u2019Inde\u00a0! J\u2019\u00e9tais extr\u00eamement d\u00e9\u00e7u apr\u00e8s avoir perdu ces courses. Tr\u00e8s en col\u00e8re m\u00eame. Encore une fois, il y avait toujours des consid\u00e9rations politiques en arri\u00e8re-plan. Avec l\u2019Inde, c\u2019\u00e9tait tr\u00e8s simple. Les gens l\u00e0-bas ont fait un travail incroyable, vraiment. Mais le paiement n\u2019a pas \u00e9t\u00e9 effectu\u00e9 correctement, et nous ne savions pas vraiment pourquoi. Il s\u2019est av\u00e9r\u00e9 qu\u2019il s\u2019agissait d\u2019un probl\u00e8me avec le syst\u00e8me fiscal indien. C\u2019est pourquoi nous n\u2019avons pas pu continuer, m\u00eame si c\u2019\u00e9tait un tr\u00e8s bon circuit.\u201d D\u00e9clare Ecclestone, source : <a href=\"http:\/\/nextgen-auto.com\" rel=\"nofollow noopener\" target=\"_blank\">nextgen-auto.com<\/a>\u00a0<\/p>\n<\/blockquote>\n<p>Ces retraits ont symbolis\u00e9 la fin d\u2019une \u00e8re de conqu\u00eate pour la Formule 1 hors d\u2019Europe. Pour Ecclestone, la discipline a laiss\u00e9 filer deux occasions de marquer durablement de nouveaux territoires, un regret encore vif aujourd\u2019hui.<\/p>\n<p>    Partagez cette info avec vos amis et vos proches en cliquant ici  <\/p>\n<p> Podcasts \u00e0 la une MEN LIFE <\/p>\n<p>    F1 : une figure majeure du paddock furieuse apr\u00e8s la perte de deux Grands Prix<\/p>\n<p>La disparition des Grands Prix de Cor\u00e9e du Sud et d\u2019Inde continue de laisser un go\u00fbt amer. Une figure embl\u00e9matique du paddock a exprim\u00e9 sa frustration face \u00e0 cet \u00e9chec, qui a frein\u00e9 l\u2019expansion de la Formule 1 vers de nouveaux march\u00e9s.<\/p>\n<p>R\u00e9dacteur<\/p>\n<p><img decoding=\"async\" width=\"76\" height=\"76\" loading=\"lazy\" src=\"https:\/\/www.europesays.com\/fr\/wp-content\/uploads\/2025\/04\/avatar-sport-am.png\" alt=\"Victor Teyssier\"\/><\/p>\n","protected":false},"excerpt":{"rendered":"Dans les ann\u00e9es 2010, la Formule 1 a tent\u00e9 de renforcer son ancrage en Asie avec l\u2019organisation du&hellip;\n","protected":false},"author":2,"featured_media":323848,"comment_status":"","ping_status":"","sticky":false,"template":"","format":"standard","meta":{"footnotes":""},"categories":[1412],"tags":[1451,1452,1453,1454,1455,1011,27,60],"class_list":{"0":"post-323847","1":"post","2":"type-post","3":"status-publish","4":"format-standard","5":"has-post-thumbnail","7":"category-f1","8":"tag-f1","9":"tag-formula-1","10":"tag-formula1","11":"tag-formule-1","12":"tag-formule1","13":"tag-fr","14":"tag-france","15":"tag-sports"},"share_on_mastodon":{"url":"https:\/\/pubeurope.com\/@fr\/115041219933974506","error":""},"_links":{"self":[{"href":"https:\/\/www.europesays.com\/fr\/wp-json\/wp\/v2\/posts\/323847","targetHints":{"allow":["GET"]}}],"collection":[{"href":"https:\/\/www.europesays.com\/fr\/wp-json\/wp\/v2\/posts"}],"about":[{"href":"https:\/\/www.europesays.com\/fr\/wp-json\/wp\/v2\/types\/post"}],"author":[{"embeddable":true,"href":"https:\/\/www.europesays.com\/fr\/wp-json\/wp\/v2\/users\/2"}],"replies":[{"embeddable":true,"href":"https:\/\/www.europesays.com\/fr\/wp-json\/wp\/v2\/comments?post=323847"}],"version-history":[{"count":0,"href":"https:\/\/www.europesays.com\/fr\/wp-json\/wp\/v2\/posts\/323847\/revisions"}],"wp:featuredmedia":[{"embeddable":true,"href":"https:\/\/www.europesays.com\/fr\/wp-json\/wp\/v2\/media\/323848"}],"wp:attachment":[{"href":"https:\/\/www.europesays.com\/fr\/wp-json\/wp\/v2\/media?parent=323847"}],"wp:term":[{"taxonomy":"category","embeddable":true,"href":"https:\/\/www.europesays.com\/fr\/wp-json\/wp\/v2\/categories?post=323847"},{"taxonomy":"post_tag","embeddable":true,"href":"https:\/\/www.europesays.com\/fr\/wp-json\/wp\/v2\/tags?post=323847"}],"curies":[{"name":"wp","href":"https:\/\/api.w.org\/{rel}","templated":true}]}}