{"id":323849,"date":"2025-08-17T00:14:10","date_gmt":"2025-08-17T00:14:10","guid":{"rendered":"https:\/\/www.europesays.com\/fr\/323849\/"},"modified":"2025-08-17T00:14:10","modified_gmt":"2025-08-17T00:14:10","slug":"resultats-de-la-1ere-etape-a-cayenne-et-point-sur-le-classement-general","status":"publish","type":"post","link":"https:\/\/www.europesays.com\/fr\/323849\/","title":{"rendered":"r\u00e9sultats de la 1\u00e8re \u00e9tape \u00e0 Cayenne et point sur le classement g\u00e9n\u00e9ral"},"content":{"rendered":"<p>La premi\u00e8re \u00e9tape du tour cycliste 2025 a \u00e9t\u00e9 remport\u00e9e par le N\u00e9erlandais Jules de Cock, faisant de lui le premier maillot jaune de cette \u00e9dition. Retrouvez dans cet article le classement apr\u00e8s cette course.<\/p>\n<p>Plus de 38\u00a0\u00bb d&rsquo;avance pour Jules de Cock \u00e0 l&rsquo;issue de la premi\u00e8re \u00e9tape du tour de Guyane \u00e0 Cayenne. Le N\u00e9erlandais de la Global Cycling Team est suivi d&rsquo;Edwin Nubul de la Martinique.<\/p>\n<p>Une course \u00e0 revivre ici \u25b6 <a target=\"_blank\" rel=\"noopener noreferrer nofollow\" href=\"https:\/\/la1ere.franceinfo.fr\/guyane\/direct-tour-de-guyane-2025-suivez-la-premiere-etape-a-cayenne-depart-des-14h00-devant-l-entree-de-la-collectivite-territoriale-1614029.html\"><strong>REPLAY. Tour de Guyane 2025 : le N\u00e9erlandais Jules de Cock remporte la premi\u00e8re \u00e9tape \u00e0 Cayenne<\/strong><\/a><\/p>\n<p>Voici les 10 premiers du classement.<\/p>\n<ol>\n<li>Jules DE COCK (Pays-Bas) 02h36\u201945\u2019\u2019<\/li>\n<li>Edwin NUBUL (Martinique) &#8211; 38\u00a0\u00bb<\/li>\n<li>Hermann KELLER (G-Bretagne) &#8211; 38\u00a0\u00bb<\/li>\n<li>Yannis AGRICOLE (Guadeloupe) &#8211; 38\u00a0\u00bb<\/li>\n<li>Benjamin BOUSQUET (VC Maroni) &#8211; 40\u00a0\u00bb<\/li>\n<li>Benjamin BRIGHT (ASPTT Nancy) &#8211; 42\u00a0\u00bb<\/li>\n<li>Baptiste DEROUAULT (H-Savoie) &#8211; 47\u00a0\u00bb<\/li>\n<li>Nathan MOLLE (Born&rsquo;heures) &#8211; 01&rsquo;23\u00a0\u00bb<\/li>\n<li>Christophe MACLEOD (G-Bretagne) &#8211; 02&rsquo;03&rsquo;<\/li>\n<li>Albrecht DREWESE (Allemagne) &#8211; 02&rsquo;20\u00a0\u00bb<\/li>\n<\/ol>\n<p>C&rsquo;est donc Jules de Cock qui endossera le maillot jaune au d\u00e9part de la deuxi\u00e8me \u00e9tape. John MIRANDA DE SOUZA (V\u00e9lo Club Guyanais) portera la rouge pour points chauds, Benjamin BRIGHT (ASPTT Nancy) aura le maillot rose et Edwin NUBUL l&rsquo;orange.<\/p>\n<p>Les classements officiels du comit\u00e9 r\u00e9gional de cyclisme de Guyane \u00e0 venir.<\/p>\n","protected":false},"excerpt":{"rendered":"La premi\u00e8re \u00e9tape du tour cycliste 2025 a \u00e9t\u00e9 remport\u00e9e par le N\u00e9erlandais Jules de Cock, faisant de&hellip;\n","protected":false},"author":2,"featured_media":323850,"comment_status":"","ping_status":"","sticky":false,"template":"","format":"standard","meta":{"footnotes":""},"categories":[1411],"tags":[1154,207,1011,27,60],"class_list":{"0":"post-323849","1":"post","2":"type-post","3":"status-publish","4":"format-standard","5":"has-post-thumbnail","7":"category-cyclisme","8":"tag-cycling","9":"tag-cyclisme","10":"tag-fr","11":"tag-france","12":"tag-sports"},"share_on_mastodon":{"url":"https:\/\/pubeurope.com\/@fr\/115041223522376035","error":""},"_links":{"self":[{"href":"https:\/\/www.europesays.com\/fr\/wp-json\/wp\/v2\/posts\/323849","targetHints":{"allow":["GET"]}}],"collection":[{"href":"https:\/\/www.europesays.com\/fr\/wp-json\/wp\/v2\/posts"}],"about":[{"href":"https:\/\/www.europesays.com\/fr\/wp-json\/wp\/v2\/types\/post"}],"author":[{"embeddable":true,"href":"https:\/\/www.europesays.com\/fr\/wp-json\/wp\/v2\/users\/2"}],"replies":[{"embeddable":true,"href":"https:\/\/www.europesays.com\/fr\/wp-json\/wp\/v2\/comments?post=323849"}],"version-history":[{"count":0,"href":"https:\/\/www.europesays.com\/fr\/wp-json\/wp\/v2\/posts\/323849\/revisions"}],"wp:featuredmedia":[{"embeddable":true,"href":"https:\/\/www.europesays.com\/fr\/wp-json\/wp\/v2\/media\/323850"}],"wp:attachment":[{"href":"https:\/\/www.europesays.com\/fr\/wp-json\/wp\/v2\/media?parent=323849"}],"wp:term":[{"taxonomy":"category","embeddable":true,"href":"https:\/\/www.europesays.com\/fr\/wp-json\/wp\/v2\/categories?post=323849"},{"taxonomy":"post_tag","embeddable":true,"href":"https:\/\/www.europesays.com\/fr\/wp-json\/wp\/v2\/tags?post=323849"}],"curies":[{"name":"wp","href":"https:\/\/api.w.org\/{rel}","templated":true}]}}