{"id":323853,"date":"2025-08-17T00:16:10","date_gmt":"2025-08-17T00:16:10","guid":{"rendered":"https:\/\/www.europesays.com\/fr\/323853\/"},"modified":"2025-08-17T00:16:10","modified_gmt":"2025-08-17T00:16:10","slug":"interview-chantal-ladesou-lance-un-cri-du-coeur-contre-labandon-des-animaux","status":"publish","type":"post","link":"https:\/\/www.europesays.com\/fr\/323853\/","title":{"rendered":"Interview. Chantal Ladesou lance un cri du c\u0153ur contre l\u2019abandon des animaux"},"content":{"rendered":"<p>            Par<br \/>\n        <strong><br \/>\n            <a href=\"https:\/\/actu.fr\/auteur\/redaction-vb\" title=\"Consulter tous les articles de R\u00e9daction La Voix Le Bocage\" target=\"_blank\" rel=\"noopener\">R\u00e9daction La Voix Le Bocage<\/a><br \/>\n        <\/strong><\/p>\n<p>        Publi\u00e9 le<\/p>\n<p>            16 ao\u00fbt 2025 \u00e0 18h30        <\/p>\n<p class=\"ac-article-content__question\">Chantal, comment avez-vous fait la connaissance de St\u00e9phane Lamart et de son association\u2009?<\/p>\n<p class=\" wall-content\">\u00ab\u2009Nous nous sommes crois\u00e9s un jour dans la loge d\u2019<b>Herv\u00e9 Vilard<\/b> \u00e0 l\u2019issue d\u2019un concert. Il m\u2019a sollicit\u00e9e afin d\u2019intervenir sur la<b> d\u00e9fense des animaux<\/b> et je suis devenue une porte-parole en quelque sorte de <a href=\"https:\/\/www.associationstephanelamart.com\/\" target=\"_blank\" rel=\"noopener\">son association,<\/a> de son engagement envers les animaux et de <a href=\"https:\/\/actu.fr\/normandie\/les-monts-d-aunay_14027\/maltraitance-animale-ce-refuge-normand-propose-des-mesures-au-gouvernement_61598048.html\" target=\"_blank\" rel=\"noopener\">son refuge<\/a>, au m\u00eame titre que d\u2019autres personnalit\u00e9s\u2009\u00bb.<\/p>\n<p class=\"ac-article-content__question wall-content\">D\u2019o\u00f9 vous vient cet engagement pour la cause animale\u2009?<\/p>\n<p class=\" wall-content\">\u00ab\u2009J\u2019adore les animaux depuis toujours. Ils m\u2019ont toujours passionn\u00e9e. Depuis mon enfance, j\u2019ai toujours eu des animaux, des chats, des chiens. Toute petite, je r\u00e9cup\u00e9rais m\u00eame des mantes religieuses dans un aquarium\u2009\u00bb.<\/p>\n<p class=\"ac-article-content__question wall-content\">Vous militez contre l\u2019abandon des animaux de compagnie\u2009?<\/p>\n<p class=\" wall-content\">\u00ab\u2009En p\u00e9riode d\u2019\u00e9t\u00e9, de<b> vacances<\/b>, je ne comprends toujours pas que les gens puissent abandonner leur animal <b>sur le bord des routes.<\/b> Un acte qui me d\u00e9go\u00fbte, me r\u00e9pugne. C\u2019est incroyable, c\u2019est honteux, c\u2019est scandaleux. Un animal est un \u00eatre vivant qui a des sentiments pour vous, qui vous donne de l\u2019amour, de la joie, une pr\u00e9sence. Comment peut-on ouvrir une porti\u00e8re et lui dire de s\u2019en aller. <b>Cela me brise le c\u0153ur.<\/b> Adopter un animal, c\u2019est un engagement, c\u2019est pour la vie. Si vous ne pensez pas \u00eatre en mesure d\u2019assumer cette responsabilit\u00e9, ne le faites pas uniquement pour r\u00e9pondre \u00e0 un caprice, \u00e0 une mode. Un animal n\u2019est pas un jouet. C\u2019est comme si vous abandonniez votre enfant\u2009\u00bb.<\/p>\n<p>    <img   decoding=\"async\" loading=\"lazy\" class=\"size-large\" src=\"https:\/\/www.europesays.com\/fr\/wp-content\/uploads\/2025\/08\/abfe2bceba046bffe2bceba04340f2v-960x640.jpg\" alt=\"Pas de l\u00e9gende enregistr\u00e9e  Le 5\u00a0avril, des vedettes mobilis\u00e9es pour d\u00e9fendre la cause animale En mai 2017, Stone participait \u00e0 l'inauguration du refuge aux c\u00f4t\u00e9s de St\u00e9phane Lamart. Dave et Mich\u00e8le Torr seront pr\u00e9sents le 5\u00a0avril. - 1521806780503\" width=\"960\" height=\"640\"\/><br \/>\n    Stone, Dave ou Mich\u00e8le Torr, notamment, soutiennent le refuge d\u2019Aunay-sur-Odon. Chaque ann\u00e9e, son pr\u00e9sident St\u00e9phane Lamart a la joie d\u2019accueillir des vedettes sur place. \u00a9DR<\/p>\n<p class=\"ac-article-content__question wall-content\">Mais vous comprenez aussi certaines situations\u2009?<\/p>\n<p class=\" wall-content\">\u00ab\u2009Avec l\u2019inflation, les charges qui augmentent, on constate que les gens ont aussi de plus en plus de mal \u00e0 garder leur animal de compagnie, faute de moyens financiers, car cela devient lourd d\u2019acheter des aliments. Je sais que <b>l\u2019association de St\u00e9phane <\/b>peut aujourd\u2019hui<b> venir en aide<\/b> \u00e0 ces personnes, en les accompagnant, en leur donnant, en fonction des stocks disponibles et sur pr\u00e9sentation de justificatifs, de l\u2019alimentation sur une courte p\u00e9riode, pour les aider \u00e0 passer un cap difficile et leur \u00e9viter d\u2019abandonner les animaux\u2009\u00bb.<\/p>\n<p>Vid\u00e9os : en ce moment sur Actu<\/p>\n<p class=\"ac-article-content__question wall-content\">Vous encouragez le public \u00e0 \u00eatre solidaire d\u2019une autre fa\u00e7on\u2009?<\/p>\n<p class=\" wall-content\">\u00ab\u2009Je sais que les centres d\u2019accueil pour animaux sont de plus en plus remplis et, de ce fait, ils <b>manquent de bras<\/b>, de b\u00e9n\u00e9voles, de personnes pouvant apporter leur aide pour s\u2019occuper au quotidien de tous ces animaux abandonn\u00e9s pour soulager le personnel d\u00e9bord\u00e9. Vous n\u2019\u00eates pas oblig\u00e9s d\u2019adopter pour faire un acte de solidarit\u00e9 si vous aimez les animaux, vous pouvez \u00e9galement apporter votre pr\u00e9sence. Nous avons besoin de vous pour leur donner \u00e0 manger, les promener, jouer avec eux, participer au nettoyage, bricoler pour r\u00e9aliser des am\u00e9nagements, jardiner, etc.\u2009\u00bb<\/p>\n<p class=\" wall-content\">Suivez toute l\u2019actualit\u00e9 de vos villes et m\u00e9dias favoris en vous inscrivant \u00e0 <a href=\"https:\/\/moncompte.actu.fr\" title=\"D\u00e9couvez Mon Actu\" rel=\"nofollow noopener\" data-trk=\"{&quot;cta&quot;:{&quot;action&quot;:&quot;https:\\\/\\\/moncompte.actu.fr&quot;,&quot;category&quot;:&quot;mon compte&quot;,&quot;from&quot;:&quot;article footer&quot;,&quot;name&quot;:&quot;Mon actu&quot;,&quot;type&quot;:&quot;cta&quot;}}\" target=\"_blank\">Mon Actu<\/a>.<\/p>\n","protected":false},"excerpt":{"rendered":"Par R\u00e9daction La Voix Le Bocage Publi\u00e9 le 16 ao\u00fbt 2025 \u00e0 18h30 Chantal, comment avez-vous fait la&hellip;\n","protected":false},"author":2,"featured_media":323854,"comment_status":"","ping_status":"","sticky":false,"template":"","format":"standard","meta":{"footnotes":""},"categories":[1359],"tags":[1867,7654,4850,58,59,1011,27,973,104],"class_list":{"0":"post-323853","1":"post","2":"type-post","3":"status-publish","4":"format-standard","5":"has-post-thumbnail","7":"category-people","8":"tag-animaux","9":"tag-chat","10":"tag-chien","11":"tag-divertissement","12":"tag-entertainment","13":"tag-fr","14":"tag-france","15":"tag-people","16":"tag-societe"},"share_on_mastodon":{"url":"https:\/\/pubeurope.com\/@fr\/115041231456711867","error":""},"_links":{"self":[{"href":"https:\/\/www.europesays.com\/fr\/wp-json\/wp\/v2\/posts\/323853","targetHints":{"allow":["GET"]}}],"collection":[{"href":"https:\/\/www.europesays.com\/fr\/wp-json\/wp\/v2\/posts"}],"about":[{"href":"https:\/\/www.europesays.com\/fr\/wp-json\/wp\/v2\/types\/post"}],"author":[{"embeddable":true,"href":"https:\/\/www.europesays.com\/fr\/wp-json\/wp\/v2\/users\/2"}],"replies":[{"embeddable":true,"href":"https:\/\/www.europesays.com\/fr\/wp-json\/wp\/v2\/comments?post=323853"}],"version-history":[{"count":0,"href":"https:\/\/www.europesays.com\/fr\/wp-json\/wp\/v2\/posts\/323853\/revisions"}],"wp:featuredmedia":[{"embeddable":true,"href":"https:\/\/www.europesays.com\/fr\/wp-json\/wp\/v2\/media\/323854"}],"wp:attachment":[{"href":"https:\/\/www.europesays.com\/fr\/wp-json\/wp\/v2\/media?parent=323853"}],"wp:term":[{"taxonomy":"category","embeddable":true,"href":"https:\/\/www.europesays.com\/fr\/wp-json\/wp\/v2\/categories?post=323853"},{"taxonomy":"post_tag","embeddable":true,"href":"https:\/\/www.europesays.com\/fr\/wp-json\/wp\/v2\/tags?post=323853"}],"curies":[{"name":"wp","href":"https:\/\/api.w.org\/{rel}","templated":true}]}}