{"id":323855,"date":"2025-08-17T00:17:12","date_gmt":"2025-08-17T00:17:12","guid":{"rendered":"https:\/\/www.europesays.com\/fr\/323855\/"},"modified":"2025-08-17T00:17:12","modified_gmt":"2025-08-17T00:17:12","slug":"20-ans-dhistoire-des-peuples-opprimes-dans-les-douches-municipales","status":"publish","type":"post","link":"https:\/\/www.europesays.com\/fr\/323855\/","title":{"rendered":"20\u00a0ans d\u2019histoire des peuples opprim\u00e9s dans les douches municipales"},"content":{"rendered":"<p>En apparence, ce n\u2019est pas le lieu le plus attrayant de cette 56e \u00e9dition des <a href=\"https:\/\/www.laprovence.com\/article\/culture-loisirs\/22120695322969\/rencontres-de-la-photographie-a-arles-camille-leveque-explore-l-absence-du-pere-a-travers-une-enquete\" target=\"_blank\" rel=\"noopener\">Rencontres de la photographie d\u2019Arles<\/a>. L\u2019agence Mes yeux objets patients (Myop) se d\u00e9voile dans les anciennes douches municipales \u00e0 l\u2019occasion de ses vingt ans. Une exposition \u00ab\u00a0radicale\u00a0\u00bb, des mots de sa commissaire, Fannie Escoulen. Dans un site ferm\u00e9 au public depuis plusieurs dizaines d\u2019ann\u00e9es, l\u2019odeur de vieille humidit\u00e9 et de moisissure est \u00e0 d\u00e9passer.<\/p>\n<p>Le sol est tach\u00e9 et jauni par l\u2019effet du temps. Apr\u00e8s une premi\u00e8re pi\u00e8ce toute blanche, seuls les clich\u00e9s des photoreporters de Myop colorent le c\u0153ur du b\u00e2timent r\u00e9habilit\u00e9 pour les Rencontres, dans une pi\u00e8ce plong\u00e9e dans l\u2019obscurit\u00e9. Dans une mise en sc\u00e8ne remarquable, un clich\u00e9 de chacun des vingt photographes de l\u2019agence est affich\u00e9 sur les portes des douches individuelles. Chacune d\u2019entre elles se regarde comme une porte d\u2019entr\u00e9e vers un moment d\u2019histoire.<\/p>\n<p>\u00ab\u00a0Cette installation se vit comme une exp\u00e9rience, confie <a href=\"https:\/\/www.laprovence.com\/article\/edition-arles\/4524978\/audrey-tautou-et-kate-barry-leurs-faces-cachees-a-montmajour.html\" target=\"_blank\" rel=\"noopener\">Fannie Escoulen<\/a>. Plonger dans les archives de vingt ans de photographies a \u00e9t\u00e9 une exp\u00e9rience remuante, avec des choses pas simples \u00e0 regarder. On observe toute la po\u00e9sie du monde, alors qu\u2019aujourd\u2019hui on ne la voit sans doute plus quand on consomme l\u2019image sur les r\u00e9seaux, sans vraiment retenir l\u2019image photographique.\u00a0\u00bb<\/p>\n<p>Un condens\u00e9 des souffrances du monde<\/p>\n<p>Fait rare aux <a href=\"https:\/\/www.laprovence.com\/article\/region\/492225551868814\/temoignages-de-l-etat-de-notre-monde-les-56e-rencontres-de-la-photographie-sont-officiellement-ouvertes-a-arles\" target=\"_blank\" rel=\"noopener\">Rencontres<\/a>, les clich\u00e9s de Myop sont \u00e0 d\u00e9couvrir sans mise en contexte ni texte explicatif. Ils sont la trace d\u2019un moment, d\u2019une \u00e9motion brute, et du v\u00e9cu d\u2019un photographe qu\u2019on entend narrer son exp\u00e9rience en s\u2019approchant des portes d\u00e9fra\u00eechies.<\/p>\n","protected":false},"excerpt":{"rendered":"En apparence, ce n\u2019est pas le lieu le plus attrayant de cette 56e \u00e9dition des Rencontres de la&hellip;\n","protected":false},"author":2,"featured_media":323856,"comment_status":"","ping_status":"","sticky":false,"template":"","format":"standard","meta":{"footnotes":""},"categories":[1358],"tags":[6873,17,1348,1384,1385,24071,46107,154,1386,58,59,1011,27,46108,1756,16,10270],"class_list":{"0":"post-323855","1":"post","2":"type-post","3":"status-publish","4":"format-standard","5":"has-post-thumbnail","7":"category-arts-et-design","8":"tag-20-ans","9":"tag-17","10":"tag-arts","11":"tag-arts-and-design","12":"tag-arts-et-design","13":"tag-dhistoire","14":"tag-darles","15":"tag-des","16":"tag-design","17":"tag-divertissement","18":"tag-entertainment","19":"tag-fr","20":"tag-france","21":"tag-peuples","22":"tag-photographie","23":"tag-region","24":"tag-rencontres"},"share_on_mastodon":{"url":"https:\/\/pubeurope.com\/@fr\/115041235321152972","error":""},"_links":{"self":[{"href":"https:\/\/www.europesays.com\/fr\/wp-json\/wp\/v2\/posts\/323855","targetHints":{"allow":["GET"]}}],"collection":[{"href":"https:\/\/www.europesays.com\/fr\/wp-json\/wp\/v2\/posts"}],"about":[{"href":"https:\/\/www.europesays.com\/fr\/wp-json\/wp\/v2\/types\/post"}],"author":[{"embeddable":true,"href":"https:\/\/www.europesays.com\/fr\/wp-json\/wp\/v2\/users\/2"}],"replies":[{"embeddable":true,"href":"https:\/\/www.europesays.com\/fr\/wp-json\/wp\/v2\/comments?post=323855"}],"version-history":[{"count":0,"href":"https:\/\/www.europesays.com\/fr\/wp-json\/wp\/v2\/posts\/323855\/revisions"}],"wp:featuredmedia":[{"embeddable":true,"href":"https:\/\/www.europesays.com\/fr\/wp-json\/wp\/v2\/media\/323856"}],"wp:attachment":[{"href":"https:\/\/www.europesays.com\/fr\/wp-json\/wp\/v2\/media?parent=323855"}],"wp:term":[{"taxonomy":"category","embeddable":true,"href":"https:\/\/www.europesays.com\/fr\/wp-json\/wp\/v2\/categories?post=323855"},{"taxonomy":"post_tag","embeddable":true,"href":"https:\/\/www.europesays.com\/fr\/wp-json\/wp\/v2\/tags?post=323855"}],"curies":[{"name":"wp","href":"https:\/\/api.w.org\/{rel}","templated":true}]}}