{"id":323857,"date":"2025-08-17T00:18:32","date_gmt":"2025-08-17T00:18:32","guid":{"rendered":"https:\/\/www.europesays.com\/fr\/323857\/"},"modified":"2025-08-17T00:18:32","modified_gmt":"2025-08-17T00:18:32","slug":"faire-decouvrir-de-nouvelles-voix-a-auch-la-librairie-les-petits-papiers-prepare-sa-rentree-litteraire-avec-deja-deux-coups-de-coeur","status":"publish","type":"post","link":"https:\/\/www.europesays.com\/fr\/323857\/","title":{"rendered":"\u00ab\u00a0Faire d\u00e9couvrir de nouvelles voix\u00a0\u00bb\u00a0: \u00e0 Auch, la librairie Les Petits Papiers pr\u00e9pare sa rentr\u00e9e litt\u00e9raire avec d\u00e9j\u00e0 deux coups de c\u0153ur"},"content":{"rendered":"<p>\n                                                                    l&rsquo;essentiel<br \/>\n                                                                Pour la rentr\u00e9e litt\u00e9raire, la librairie Les Petits Papiers d\u2019Auch pr\u00e9pare sa s\u00e9lection. Deux coups de c\u0153ur sont d\u00e9j\u00e0 disponibles\u00a0: Le Livre de Kells\u00a0de Sorj Chalandon et Combats de filles\u00a0de Rita Bullwinkel.\n                            <\/p>\n<p>\u00c0 Auch, la rentr\u00e9e scolaire n\u2019a pas encore sonn\u00e9 que d\u00e9j\u00e0 celle des livres se pr\u00e9pare. \u00ab\u00a0La rentr\u00e9e litt\u00e9raire, c\u2019est un moment tr\u00e8s important pour nous, explique Chlo\u00e9 Tournebize, g\u00e9rante de la librairie Les Petits Papiers. Il y a une forte visibilit\u00e9 m\u00e9diatique, et nos clients ont aussi envie de d\u00e9couvrir les nouvelles sorties.\u00a0\u00bb<\/p>\n<p>Premiers romans et coups de c\u0153ur<\/p>\n<p>La grande mar\u00e9e de nouveaut\u00e9 est attendue pour septembre, avec pr\u00e8s de 500 titres, mais certains ouvrages n\u2019ont pas attendu. Parmi les \u00ab\u00a0pr\u00e9curseurs\u00a0\u00bb, deux coups de c\u0153ur de la librairie\u00a0: Le Livre de Kells (Grasset) de Sorj Chalandon et\u00a0Combats de filles (La Crois\u00e9e) de Rita Bullwinkel.\u00a0Le premier suit un adolescent en fuite face \u00e0 un p\u00e8re violent, qui puise dans l\u2019engagement militant la force de se reconstruire, tandis que le second plonge dans un tournoi de boxe f\u00e9minin, m\u00ealant courage, force\u00a0et r\u00e9cits personnels.<\/p>\n<p class=\"std-elt__inline\">\n        <strong>\u00c0 lire aussi :<\/strong><br \/>\n        <a href=\"https:\/\/www.ladepeche.fr\/2024\/08\/24\/a-auch-cette-auvergnate-de-37-ans-a-decide-de-tout-plaquer-pour-reprendre-la-librairie-les-petits-papiers-12155264.php\" rel=\"nofollow noopener\" target=\"_blank\">\u00c0 Auch, cette Auvergnate de 37 ans a d\u00e9cid\u00e9 de tout plaquer pour reprendre la librairie Les Petits Papiers<\/a>\n    <\/p>\n<p>\u00ab\u00a0La s\u00e9lection est toujours difficile, on ne peut pas tout prendre, alors on choisit\u00a0des livres qui\u00a0pour nous vont fonctionner mais aussi ceux qui nous font tout simplement envie, explique la libraire. C\u2019est\u00a0aussi important\u00a0de mettre en avant des premiers romans car \u00e7a permet\u00a0de faire d\u00e9couvrir de nouvelles voix. Combats de filles, par exemple, incarne cette volont\u00e9.\u00a0\u00bb<\/p>\n<p>Deux d\u00e9dicaces \u00e0 ne pas manquer<\/p>\n<p>Samedi 23\u00a0ao\u00fbt, <a href=\"https:\/\/www.ladepeche.fr\/2025\/06\/26\/interview-les-gascons-sont-tres-ouverts-et-on-peut-les-taquiner-confie-perry-taylor-le-plus-gersois-des-dessinateurs-anglais-12780838.php\" target=\"_self\" rel=\"nofollow noopener\">Perry Taylor, Gascon d\u2019adoption et chroniqueur \u00ab\u00a0\u00e0 l\u2019humour ravageur\u00a0\u00bb<\/a>, signera son nouvel album intitul\u00e9\u00a0\u00c7a fait du bien. Deux semaines plus tard, le samedi 6\u00a0septembre, Florence Gendre, illustratrice naturaliste, et Alain Canet, agronome et auteur, pr\u00e9senteront\u00a0\u00c9loge des indisciplin\u00e9es, un ouvrage m\u00ealant art, science et \u00e9cologie.<\/p>\n<p class=\"std-elt__inline\">\n        <strong>\u00c0 lire aussi :<\/strong><br \/>\n        <a href=\"https:\/\/www.ladepeche.fr\/2025\/04\/28\/harry-potter-oscar-wilde-george-orwell-des-libraires-dauch-au-soutien-des-oeuvres-censurees-dans-les-ecoles-americaines-12655660.php\" rel=\"nofollow noopener\" target=\"_blank\">\u00ab\u00a0Harry Potter, Oscar Wilde, George Orwell\u00a0\u00bb\u00a0: des libraires d\u2019Auch au soutien des \u0153uvres censur\u00e9es dans les \u00e9coles am\u00e9ricaines<\/a>\n    <\/p>\n<p>\u00ab\u00a0Nous essayons \u00e9galement de faire\u00a0venir au moins un auteur de la rentr\u00e9e pour \u00e9changer avec nos lecteurs, ajoute\u00a0Chlo\u00e9 Tournebize. Ce serait\u00a0l\u2019occasion de partager, de discuter, et bien s\u00fbr de faire des d\u00e9dicaces.\u00a0\u00bb<\/p>\n<p>La librairie rappelle aussi que les anciens num\u00e9ros de Plaisirs du Gers sont toujours disponibles pour les lecteurs qui souhaitent compl\u00e9ter leur collection.<\/p>\n","protected":false},"excerpt":{"rendered":"l&rsquo;essentiel Pour la rentr\u00e9e litt\u00e9raire, la librairie Les Petits Papiers d\u2019Auch pr\u00e9pare sa s\u00e9lection. Deux coups de c\u0153ur&hellip;\n","protected":false},"author":2,"featured_media":323858,"comment_status":"","ping_status":"","sticky":false,"template":"","format":"standard","meta":{"footnotes":""},"categories":[1357],"tags":[1379,58,59,1011,27,1380],"class_list":{"0":"post-323857","1":"post","2":"type-post","3":"status-publish","4":"format-standard","5":"has-post-thumbnail","7":"category-livres","8":"tag-books","9":"tag-divertissement","10":"tag-entertainment","11":"tag-fr","12":"tag-france","13":"tag-livres"},"share_on_mastodon":{"url":"https:\/\/pubeurope.com\/@fr\/115041239287780152","error":""},"_links":{"self":[{"href":"https:\/\/www.europesays.com\/fr\/wp-json\/wp\/v2\/posts\/323857","targetHints":{"allow":["GET"]}}],"collection":[{"href":"https:\/\/www.europesays.com\/fr\/wp-json\/wp\/v2\/posts"}],"about":[{"href":"https:\/\/www.europesays.com\/fr\/wp-json\/wp\/v2\/types\/post"}],"author":[{"embeddable":true,"href":"https:\/\/www.europesays.com\/fr\/wp-json\/wp\/v2\/users\/2"}],"replies":[{"embeddable":true,"href":"https:\/\/www.europesays.com\/fr\/wp-json\/wp\/v2\/comments?post=323857"}],"version-history":[{"count":0,"href":"https:\/\/www.europesays.com\/fr\/wp-json\/wp\/v2\/posts\/323857\/revisions"}],"wp:featuredmedia":[{"embeddable":true,"href":"https:\/\/www.europesays.com\/fr\/wp-json\/wp\/v2\/media\/323858"}],"wp:attachment":[{"href":"https:\/\/www.europesays.com\/fr\/wp-json\/wp\/v2\/media?parent=323857"}],"wp:term":[{"taxonomy":"category","embeddable":true,"href":"https:\/\/www.europesays.com\/fr\/wp-json\/wp\/v2\/categories?post=323857"},{"taxonomy":"post_tag","embeddable":true,"href":"https:\/\/www.europesays.com\/fr\/wp-json\/wp\/v2\/tags?post=323857"}],"curies":[{"name":"wp","href":"https:\/\/api.w.org\/{rel}","templated":true}]}}