{"id":323859,"date":"2025-08-17T00:19:23","date_gmt":"2025-08-17T00:19:23","guid":{"rendered":"https:\/\/www.europesays.com\/fr\/323859\/"},"modified":"2025-08-17T00:19:23","modified_gmt":"2025-08-17T00:19:23","slug":"un-an-apres-les-internautes-ne-se-remettent-toujours-pas-de-lannulation-injuste-de-cette-serie-a-la-bridgerton","status":"publish","type":"post","link":"https:\/\/www.europesays.com\/fr\/323859\/","title":{"rendered":"Un an apr\u00e8s, les internautes ne se remettent toujours pas de l&rsquo;annulation injuste de cette s\u00e9rie \u00e0 la Bridgerton"},"content":{"rendered":"<p>En juin 2024, les abonn\u00e9s de Prime Video d\u00e9couvraient une nouvelle s\u00e9rie historique librement inspir\u00e9e de la vie d&rsquo;une ancienne souveraine britannique. Malgr\u00e9 le vif succ\u00e8s qu&rsquo;elle a rencontr\u00e9, la plateforme de streaming a d\u00e9cid\u00e9 de l&rsquo;annuler. Un an apr\u00e8s, les internautes sont toujours aussi scandalis\u00e9s du sort qui lui a \u00e9t\u00e9 r\u00e9serv\u00e9. <\/p>\n<p>Aussi addictive que Les Tudors, <a href=\"https:\/\/www.programme-tv.net\/news\/series-tv\/355852-my-lady-jane-si-vous-etes-en-manque-apres-bridgerton-cette-serie-rejouissante-pourrait-bien-devenir-votre-nouvelle-addiction\/\" data-api-deeplink=\"teleloisirs:\/\/news\/355852\" rel=\"nofollow noopener\" target=\"_blank\">My Lady Jane<\/a> a rapidement su conqu\u00e9rir le c\u0153ur des abonn\u00e9s de <a href=\"https:\/\/www.programme-tv.net\/guide-amazon\/\" rel=\"nofollow noopener\" target=\"_blank\"><b>Prime Video<\/b><\/a>. Il faut dire que<a href=\"https:\/\/www.programme-tv.net\/news\/series-tv\/356525-my-lady-jane-l-histoire-vraie-de-jane-grey-la-jeune-reine-decapitee-apres-9-jours-de-regne\/\" data-api-deeplink=\"teleloisirs:\/\/news\/356525\" rel=\"nofollow noopener\" target=\"_blank\"> le destin tragique de Jane Grey<\/a>, l&rsquo;arri\u00e8re-petite-fille du roi Henri VII, fascine toujours autant les amoureux de s\u00e9ries historiques. S&rsquo;inspirant librement de la vie de l&rsquo;ancienne reine d&rsquo;Angleterre et d&rsquo;Irlande, la production britannique se d\u00e9roule dans l&rsquo;Angleterre du XVIe si\u00e8cle, alors que Lady Jane Grey est contrainte par sa m\u00e8re d&rsquo;\u00e9pouser Lord Guildford Dudley. La jeune femme, cousine d&rsquo;\u00c9douard VI, ne supporte pas son \u00e9poux, mais elle finit par tomber amoureuse de celui qui s&rsquo;av\u00e8re \u00eatre un individu capable de se transformer en animal. Peu apr\u00e8s son union, la jeune femme succ\u00e8de \u00e0 son cousin \u00c9douard VI et devient reine du jour au lendemain. Malgr\u00e9 le succ\u00e8s qu&rsquo;elle a rencontr\u00e9, My Lady Jane n&rsquo;a pas eu de saison 2, au grand d\u00e9sespoir des fans, qui <a href=\"https:\/\/www.programme-tv.net\/news\/series-tv\/359170-my-lady-jane-les-fans-se-mobilisent-pour-sauver-la-meilleure-serie-de-l-ete\/\" data-api-deeplink=\"teleloisirs:\/\/news\/359170\" rel=\"nofollow noopener\" target=\"_blank\">ont lanc\u00e9 une p\u00e9tition<\/a> rassemblant aujourd&rsquo;hui plus de 120 000 signatures.<\/p>\n<p>                        <b>\u00ab\u00a0Apprendre qu&rsquo;elle a \u00e9t\u00e9 annul\u00e9e est un cr\u00e8ve-c\u0153ur\u00a0\u00bb <\/b><b>: les internautes toujours attrist\u00e9s par l&rsquo;annulation de <\/b><b>My Lady Jane <\/b><\/p>\n<p>Prime Video n&rsquo;a pas donn\u00e9 le feu vert pour <a href=\"https:\/\/www.programme-tv.net\/news\/series-tv\/356794-my-lady-jane-une-saison-2-pour-cette-serie-qui-rend-tout-le-monde-accro-cet-ete\/\" data-api-deeplink=\"teleloisirs:\/\/news\/356794\" rel=\"nofollow noopener\" target=\"_blank\">une saison 2 de My Lady Jane<\/a>. <b>Une annulation dont certains fans ne se sont pas encore remis, un an apr\u00e8s<\/b>. \u00ab\u00a0My Lady Jane est une s\u00e9rie captivante, dr\u00f4le, intrigante et tout simplement g\u00e9niale \u00e0 regarder\u00a0! Amazon a certainement une id\u00e9e derri\u00e8re la t\u00eate s&rsquo;ils persistent \u00e0 dire que &lsquo;la s\u00e9rie n&rsquo;a pas rapport\u00e9 assez d&rsquo;argent en quatre mois sans publicit\u00e9'\u00a0\u00bb, peut-on notamment lire en commentaire de <a href=\"https:\/\/www.change.org\/p\/demanding-amazon-prime-to-renew-my-lady-jane-for-a-second-season\/feed\" rel=\"nofollow noopener\" target=\"_blank\">la p\u00e9tition Change.org<\/a>. \u00ab\u00a0Je n&rsquo;avais pas de grandes attentes en commen\u00e7ant \u00e0 regarder My Lady Jane. J&rsquo;ai rapidement \u00e9t\u00e9 captiv\u00e9e par son univers magnifique, dr\u00f4le, romantique, passionnant et cr\u00e9atif, et je n&rsquo;ai pas pu m&rsquo;arr\u00eater de regarder. Je n&rsquo;ai appris son annulation qu&rsquo;\u00e0 deux \u00e9pisodes du final. Quelle d\u00e9ception ! Des annulations comme celle-ci rendent incroyablement difficile de continuer \u00e0 essayer de nouvelles s\u00e9ries. S&rsquo;il vous pla\u00eet, remettez-la en ligne. Ou faites-la reprendre par un autre service de streaming\u00a0\u00bb, \u00e9crivent d&rsquo;autres fans. Ou encore : \u00ab\u00a0Cette s\u00e9rie \u00e9tait absolument incroyable et m\u00e9rite vraiment une autre saison. Je l&rsquo;ai recommand\u00e9e \u00e0 tellement de gens, car je l&rsquo;adore. Apprendre qu&rsquo;elle a \u00e9t\u00e9 annul\u00e9e est un cr\u00e8ve-c\u0153ur\u00a0\u00bb, \u00ab\u00a0C&rsquo;\u00e9tait l&rsquo;une de mes s\u00e9ries pr\u00e9f\u00e9r\u00e9es ! Je n&rsquo;arrivais pas \u00e0 croire qu&rsquo;elle n&rsquo;ait pas \u00e9t\u00e9 renouvel\u00e9e pour une autre saison. S&rsquo;il vous pla\u00eet, remettez-la !\u00a0\u00bb<\/p>\n<p>            <b>L&rsquo;auteur de <\/b><b>Game of Thrones <\/b><b>fervent supporter de la p\u00e9tition contre l&rsquo;arr\u00eat de <\/b><b>My Lady Jane<\/b><b> <\/b><\/p>\n<p>Personne ne s&rsquo;y attendait et pourtant,<a href=\"https:\/\/www.programme-tv.net\/news\/series-tv\/370175-je-les-adore-george-rr-martin-juge-le-prochain-spin-off-de-game-of-thrones-et-pour-une-fois-cest-positif\/\" data-api-deeplink=\"teleloisirs:\/\/news\/370175\" rel=\"nofollow noopener\" target=\"_blank\"> George R. R. Martin,<\/a> \u00e0 l&rsquo;origine de la saga litt\u00e9raire Le Tr\u00f4ne de fer, avait pris la parole concernant l&rsquo;annulation de My Lady Jane sur son blog. \u00ab\u00a0Jane Grey, la reine d&rsquo;Angleterre qui a r\u00e9gn\u00e9 neuf jours, m&rsquo;a toujours fascin\u00e9 (&#8230;) H\u00e9las, Amazon n&rsquo;a pas renouvel\u00e9 la s\u00e9rie pour une deuxi\u00e8me saison, malgr\u00e9 ses nombreux fans. Ils ont lanc\u00e9 une p\u00e9tition et je leur souhaite bonne chance. Jane m\u00e9ritait plus que neuf jours, ou huit \u00e9pisodes\u00a0\u00bb.<\/p>\n<p>Article \u00e9crit en collaboration avec 6M\u00e9dias<\/p>\n","protected":false},"excerpt":{"rendered":"En juin 2024, les abonn\u00e9s de Prime Video d\u00e9couvraient une nouvelle s\u00e9rie historique librement inspir\u00e9e de la vie&hellip;\n","protected":false},"author":2,"featured_media":323860,"comment_status":"","ping_status":"","sticky":false,"template":"","format":"standard","meta":{"footnotes":""},"categories":[1356],"tags":[4225,244,58,59,1011,27,46109,4224,11219,129,252,1364],"class_list":{"0":"post-323859","1":"post","2":"type-post","3":"status-publish","4":"format-standard","5":"has-post-thumbnail","7":"category-television","8":"tag-amazon-prime-vidu00e9o","9":"tag-commentaire","10":"tag-divertissement","11":"tag-entertainment","12":"tag-fr","13":"tag-france","14":"tag-my-lady-jane","15":"tag-pub-streaming-prime-video","16":"tag-su00e9rie-amazon","17":"tag-svod","18":"tag-television","19":"tag-tv"},"share_on_mastodon":{"url":"https:\/\/pubeurope.com\/@fr\/115041243226160938","error":""},"_links":{"self":[{"href":"https:\/\/www.europesays.com\/fr\/wp-json\/wp\/v2\/posts\/323859","targetHints":{"allow":["GET"]}}],"collection":[{"href":"https:\/\/www.europesays.com\/fr\/wp-json\/wp\/v2\/posts"}],"about":[{"href":"https:\/\/www.europesays.com\/fr\/wp-json\/wp\/v2\/types\/post"}],"author":[{"embeddable":true,"href":"https:\/\/www.europesays.com\/fr\/wp-json\/wp\/v2\/users\/2"}],"replies":[{"embeddable":true,"href":"https:\/\/www.europesays.com\/fr\/wp-json\/wp\/v2\/comments?post=323859"}],"version-history":[{"count":0,"href":"https:\/\/www.europesays.com\/fr\/wp-json\/wp\/v2\/posts\/323859\/revisions"}],"wp:featuredmedia":[{"embeddable":true,"href":"https:\/\/www.europesays.com\/fr\/wp-json\/wp\/v2\/media\/323860"}],"wp:attachment":[{"href":"https:\/\/www.europesays.com\/fr\/wp-json\/wp\/v2\/media?parent=323859"}],"wp:term":[{"taxonomy":"category","embeddable":true,"href":"https:\/\/www.europesays.com\/fr\/wp-json\/wp\/v2\/categories?post=323859"},{"taxonomy":"post_tag","embeddable":true,"href":"https:\/\/www.europesays.com\/fr\/wp-json\/wp\/v2\/tags?post=323859"}],"curies":[{"name":"wp","href":"https:\/\/api.w.org\/{rel}","templated":true}]}}