{"id":323861,"date":"2025-08-17T00:20:11","date_gmt":"2025-08-17T00:20:11","guid":{"rendered":"https:\/\/www.europesays.com\/fr\/323861\/"},"modified":"2025-08-17T00:20:11","modified_gmt":"2025-08-17T00:20:11","slug":"yseult-annonce-un-nouvel-album-et-partage-un-extrait-inedit","status":"publish","type":"post","link":"https:\/\/www.europesays.com\/fr\/323861\/","title":{"rendered":"Yseult annonce un nouvel album et partage un extrait in\u00e9dit"},"content":{"rendered":"<p><img decoding=\"async\" src=\"https:\/\/www.europesays.com\/fr\/wp-content\/uploads\/2025\/08\/photo_1754988901.jpg\" class=\"textcenter img-content\" loading=\"lazy\"\/>Bestimage<br \/>\n<br \/>\nYseult ne perd pas de temps. Revenue en force ces derni\u00e8res, la chanteuse a sign\u00e9 l&rsquo;un des succ\u00e8s surprises de 2024 avec le tube plan\u00e9taire <a href=\"https:\/\/www.chartsinfrance.net\/actualite\/news-129416.html\" target=\"_blank\" class=\"spip_out\" rel=\"nofollow noopener\">\u00ab\u00a0Alibi\u00a0\u00bb<\/a>, partag\u00e9 avec Sevdaliza et Pabllo Vittar. Un titre cr\u00e9dit\u00e9 de 577 millions d&rsquo;\u00e9coutes sur Spotify et qui lui permet d&rsquo;\u00eatre la cinqui\u00e8me chanteuse francophone la plus \u00e9cout\u00e9e dans le monde en 2025 et de chanter lors de <a href=\"https:\/\/www.chartsinfrance.net\/actualite\/news-129690.html\" target=\"_blank\" class=\"spip_out\" rel=\"nofollow noopener\">la cl\u00f4ture des JO<\/a>. Un succ\u00e8s qui n&rsquo;a malheureusement pas profit\u00e9 \u00e0 son dernier album <a href=\"https:\/\/www.chartsinfrance.net\/actualite\/news-130164.html\" target=\"_blank\" class=\"spip_out\" rel=\"nofollow noopener\">\u00ab\u00a0Mental\u00a0\u00bb<\/a> \u00e0 dominance rock, malgr\u00e9 de tr\u00e8s bonnes critiques. Il faut dire que le disque n&rsquo;est jamais sorti en physique. Un <a href=\"https:\/\/www.chartsinfrance.net\/Yseult\/news-130975.html\" target=\"_blank\" class=\"spip_out\" rel=\"nofollow noopener\">\u00e9chec qui l&rsquo;avait vex\u00e9e<\/a> : \u00ab Je n&rsquo;arrive pas \u00e0 croire que les gens dorment sur un projet comme \u00ab\u00a0MENTAL\u00a0\u00bb, c&rsquo;est tr\u00e8s grave. (&#8230;) C&rsquo;est l&rsquo;un des meilleurs projets sortis en France cette ann\u00e9e. Ceux et celles qui ne sont pas d&rsquo;accord, \u00e9touffez-vous \u00bb tan\u00e7ait-elle dans une s\u00e9rie de tweets. Elle avait ensuite tenu \u00e0 clarifier ses propos : \u00ab J&rsquo;ai dit que mon projet est l&rsquo;un des meilleurs albums fran\u00e7ais sortis en 2024. Qui va dire le contraire ? Je ne force personne \u00e0 aller l&rsquo;\u00e9couter face cam\u00e9ra, mais je dis tout simplement la v\u00e9rit\u00e9 \u00bb.<\/p>\n<p>Le player Dailymotion est en train de se charger&#8230;<\/p>\n<p>\u00ab\u00a0Let&rsquo;s dance !\u00a0\u00bb<br \/>\nMais aujourd&rsquo;hui, Yseult va de l&rsquo;avant. Embarqu\u00e9e dans une tourn\u00e9e qui la m\u00e8nera sur la sc\u00e8ne de l&rsquo;Olympia le 4 novembre prochain puis sur les routes nord-am\u00e9ricaines d\u00e9but 2026, la chanteuse annonce d\u00e9j\u00e0 la sortie de son nouvel album, seulement le troisi\u00e8me depuis le d\u00e9but de sa carri\u00e8re il y a 10 ans. Pour le pr\u00e9senter, l&rsquo;artiste partage un extrait de \u00ab\u00a0Sexy On Ice\u00a0\u00bb, une chanson aux accents 80&rsquo;s dans la lign\u00e9e de certains morceaux de Christine and the Queens. <\/p>\n<blockquote class=\"instagram-media\" data-instgrm-permalink=\"https:\/\/www.instagram.com\/reel\/DNMNp3AoxKd\/?utm_source=ig_embed&amp;utm_campaign=loading\" data-instgrm-version=\"14\" style=\" background:#FFF; border:0; border-radius:3px; box-shadow:0 0 1px 0 rgba(0,0,0,0.5),0 1px 10px 0 rgba(0,0,0,0.15); margin: 1px; max-width:540px; min-width:326px; padding:0; width:99.375%; width:-webkit-calc(100% - 2px); width:calc(100% - 2px);\"\/>\n<p>\u00ab \u00ab\u00a0Woman\u00a0\u00bb sera le nom de mon prochain album \u00bb \u00e9crit Yseult en l\u00e9gende de la vid\u00e9o pr\u00e9sentant cet extrait in\u00e9dit, sans pour autant partager de date de sortie : \u00ab Le \u00ab\u00a0Mental Tour\u00a0\u00bb sera bient\u00f4t termin\u00e9 en Europe, c&rsquo;\u00e9tait plus que de la musique \u00e0 mes yeux. C&rsquo;\u00e9tait une renaissance. Un moment o\u00f9 j&rsquo;ai repouss\u00e9 toutes les limites pour devenir la femme que j&rsquo;ai d\u00e9cid\u00e9 d&rsquo;\u00eatre \u00bb. Et la chanteuse de le clamer haut et fort : \u00ab En janvier, je reviens en Am\u00e9rique du Nord avec ce nouveau chapitre. J&rsquo;ai h\u00e2te. Let&rsquo;s dance ! \u00bb. Vous voil\u00e0 pr\u00e9venus !<\/p>\n<p><script async src=\"\/\/www.instagram.com\/embed.js\"><\/script><\/p>\n","protected":false},"excerpt":{"rendered":"Bestimage Yseult ne perd pas de temps. Revenue en force ces derni\u00e8res, la chanteuse a sign\u00e9 l&rsquo;un des&hellip;\n","protected":false},"author":2,"featured_media":323862,"comment_status":"","ping_status":"","sticky":false,"template":"","format":"standard","meta":{"footnotes":""},"categories":[1355],"tags":[58,59,1011,27,1361,873],"class_list":{"0":"post-323861","1":"post","2":"type-post","3":"status-publish","4":"format-standard","5":"has-post-thumbnail","7":"category-musique","8":"tag-divertissement","9":"tag-entertainment","10":"tag-fr","11":"tag-france","12":"tag-music","13":"tag-musique"},"share_on_mastodon":{"url":"https:\/\/pubeurope.com\/@fr\/115041247305409916","error":""},"_links":{"self":[{"href":"https:\/\/www.europesays.com\/fr\/wp-json\/wp\/v2\/posts\/323861","targetHints":{"allow":["GET"]}}],"collection":[{"href":"https:\/\/www.europesays.com\/fr\/wp-json\/wp\/v2\/posts"}],"about":[{"href":"https:\/\/www.europesays.com\/fr\/wp-json\/wp\/v2\/types\/post"}],"author":[{"embeddable":true,"href":"https:\/\/www.europesays.com\/fr\/wp-json\/wp\/v2\/users\/2"}],"replies":[{"embeddable":true,"href":"https:\/\/www.europesays.com\/fr\/wp-json\/wp\/v2\/comments?post=323861"}],"version-history":[{"count":0,"href":"https:\/\/www.europesays.com\/fr\/wp-json\/wp\/v2\/posts\/323861\/revisions"}],"wp:featuredmedia":[{"embeddable":true,"href":"https:\/\/www.europesays.com\/fr\/wp-json\/wp\/v2\/media\/323862"}],"wp:attachment":[{"href":"https:\/\/www.europesays.com\/fr\/wp-json\/wp\/v2\/media?parent=323861"}],"wp:term":[{"taxonomy":"category","embeddable":true,"href":"https:\/\/www.europesays.com\/fr\/wp-json\/wp\/v2\/categories?post=323861"},{"taxonomy":"post_tag","embeddable":true,"href":"https:\/\/www.europesays.com\/fr\/wp-json\/wp\/v2\/tags?post=323861"}],"curies":[{"name":"wp","href":"https:\/\/api.w.org\/{rel}","templated":true}]}}