{"id":323867,"date":"2025-08-17T00:24:13","date_gmt":"2025-08-17T00:24:13","guid":{"rendered":"https:\/\/www.europesays.com\/fr\/323867\/"},"modified":"2025-08-17T00:24:13","modified_gmt":"2025-08-17T00:24:13","slug":"meghan-markle-elle-a-pris-le-dessus-sur-le-prince-harry-et-ce-nouvel-accord-est-en-la-preuve","status":"publish","type":"post","link":"https:\/\/www.europesays.com\/fr\/323867\/","title":{"rendered":"Meghan Markle : elle a pris le dessus sur le prince Harry et ce nouvel accord est en la preuve"},"content":{"rendered":"<p data-start=\"174\" data-end=\"705\">Nouveau<br \/>\n<strong>tournant<\/strong> pour <a href=\"https:\/\/www.closermag.fr\/royautes\/meghan-markle-et-le-prince-harry-bientot-divorces-ce-silence-assourdissant-qui-montre-quil-y-a-de-leau-dans-le-gaz-3571412\" target=\"_blank\" rel=\"noopener\"><br \/>\nMeghan Markle et le prince Harry<\/a>. 5 ans apr\u00e8s avoir sign\u00e9 un<br \/>\n<strong>contrat<\/strong> historique avec Netflix estim\u00e9 \u00e0<br \/>\nplus de <strong>100 millions de dollars,<\/strong> le couple vient<br \/>\nde <strong>renouveler<\/strong> son partenariat avec la plateforme.<br \/>\nMais cette fois, il ne s\u2019agit plus d\u2019un accord d\u2019exclusivit\u00e9, mais<br \/>\nd\u2019un \u00ab\u00a0<strong>first look deal<\/strong>\u00ab\u00a0. Cela permet \u00e0<br \/>\nNetflix d\u2019avoir la <strong>priorit\u00e9<\/strong> sur leurs futurs<br \/>\nprojets de films et s\u00e9ries <strong>sans obligation de<br \/>\nfinancement<\/strong>. Une extension qui para\u00eet <strong>moins<br \/>\nlucrative<\/strong> que leur pr\u00e9c\u00e9dent contrat. Mais qui d\u00e9montre<br \/>\nqu\u2019Hollywood continue de miser sur eux.<\/p>\n<p data-start=\"707\" data-end=\"1053\">Si l\u2019annonce de ce nouvel<br \/>\naccord peut sembler anodine, elle r\u00e9v\u00e8le pourtant une<br \/>\n<strong>\u00e9volution<\/strong> importante dans la strat\u00e9gie des Sussex.<br \/>\nCar dans la communication officielle, <a href=\"https:\/\/www.closermag.fr\/royautes\/meghan-markle-copie-encore-kate-middleton-a-un-detail-pres-et-ca-a-son-importance-3571146\" target=\"_blank\" rel=\"noopener\"><br \/>\nMeghan Markle<\/a> appara\u00eet largement <strong>mise en<br \/>\navant<\/strong>. Tandis que la pr\u00e9sence du <a href=\"https:\/\/www.closermag.fr\/royautes\/harry-prend-tres-cher-lex-secretaire-delizabeth-ii-a-beaucoup-de-choses-a-dire-sur-le-duc-de-sussex-3570527\" target=\"_blank\" rel=\"noopener\"><br \/>\nprince Harry<\/a> se fait beaucoup plus <strong>discr\u00e8te<\/strong>.<br \/>\nUn d\u00e9tail qui n\u2019a pas \u00e9chapp\u00e9 aux observateurs de la monarchie.<\/p>\n<p><img loading=\"lazy\" decoding=\"async\" aria-describedby=\"caption-attachment-3570561\" itemprop=\"thumbnailUrl\" class=\"size-full wp-image-3570561 img-responsive\" src=\"https:\/\/www.europesays.com\/fr\/wp-content\/uploads\/2025\/08\/bestimage_00629642_000044-scaled-e1754973472600.jpg\" alt=\"Harry et Meghan : on en sait plus sur leur nouveau contrat Netflix mais \u00e7a sent le flop \u00e0 plein nez\" width=\"1200\" height=\"675\"\/> \u00a9 BESTIMAGE<\/p>\n<p id=\"caption-attachment-3570561\" class=\"wp-caption-text\">Harry et<br \/>\nMeghan : on en sait plus sur leur nouveau contrat Netflix mais \u00e7a<br \/>\nsent le flop \u00e0 plein nez<\/p>\n<p>Un contrat centr\u00e9 sur Meghan<br \/>\nMarkle, exit le prince Harry<\/p>\n<p data-start=\"1091\" data-end=\"1586\">Comme l\u2019a analys\u00e9 Jennie Bond<br \/>\n\u00e0 <a href=\"https:\/\/www.mirror.co.uk\/news\/royals\/meghan-markle-prince-harry-split-35738915#google_vignette\" target=\"_blank\" rel=\"noopener\"><br \/>\nMirror<\/a>, ancienne correspondante royale de la BBC,<br \/>\n\u201c<strong>ce deal est tr\u00e8s clairement le projet de<br \/>\nMeghan<\/strong>\u201d. En effet, l\u2019ancienne actrice de<br \/>\nSuits s\u2019appr\u00eate \u00e0 d\u00e9voiler la deuxi\u00e8me saison de <a href=\"https:\/\/www.closermag.fr\/royautes\/meghan-markle-premieres-images-de-la-saison-2-de-sa-serie-moquee-et-ca-ne-risque-pas-de-sarranger-3570866\" target=\"_blank\" rel=\"noopener\"><br \/>\nWith Love, Meghan<\/a>,<br \/>\nson \u00e9mission lifestyle. Pendant ce temps, Harry ne serait associ\u00e9<br \/>\nqu\u2019\u00e0 un <strong>documentaire sur un orphelinat<\/strong> en Ouganda.<br \/>\n\u201cIl est \u00e9vident que <strong>Meghan<\/strong> s\u2019affirme comme la<br \/>\n<strong>v\u00e9ritable personnalit\u00e9 t\u00e9l\u00e9visuelle<\/strong> tandis<br \/>\nqu\u2019<strong>Harry<\/strong> se consacre davantage \u00e0 ses<br \/>\n<strong>actions caritatives<\/strong>.\u201d souligne l\u2019experte.<\/p>\n<p data-start=\"1588\" data-end=\"1947\">Un <strong>\u00e9quilibre<\/strong><br \/>\nqui semble convenir au couple <a href=\"https:\/\/www.closermag.fr\/royautes\/harry-et-meghan-leur-annonce-a-provoque-un-seisme-a-buckingham-cette-surprenante-reaction-de-charles-iii-3570981\" target=\"_blank\" rel=\"noopener\"><br \/>\nMeghan et Harry<\/a>. M\u00eame si les chiffres ne sont pas toujours au<br \/>\nrendez-vous. Leur s\u00e9rie Harry<br \/>\n&amp; Meghan reste l\u2019un des plus <strong>grands succ\u00e8s<br \/>\ndocumentaires<\/strong> de Netflix avec <strong>23,4 millions de<br \/>\nvues<\/strong>. Mais d\u2019autres projets, comme <strong>l\u2019\u00e9mission de<br \/>\npolo d\u2019Harry<\/strong> ou la <strong>premi\u00e8re saison culinaire de<br \/>\nMeghan Markle<\/strong>, ont connu des audiences bien plus<br \/>\n<strong>mitig\u00e9es<\/strong>.<\/p>\n<p>Un<br \/>\npari qui entretient leur influence<\/p>\n<p data-start=\"1994\" data-end=\"2381\">Reste que ce nouvel accord<br \/>\nrepr\u00e9sente malgr\u00e9 tout une <strong>victoire strat\u00e9gique<\/strong>.<br \/>\n\u201cLe fait que Netflix leur <strong>renouvelle sa<br \/>\nconfiance,<\/strong> m\u00eame \u00e0 moindre \u00e9chelle, prouve qu\u2019ils restent<br \/>\ndes <strong>voix influentes \u00e0 Hollywood<\/strong>.\u201d estime<br \/>\nJennie Bond. Qu\u2019on les aime ou qu\u2019on les critique, chaque<br \/>\ninitiative du couple continue de susciter un <strong>int\u00e9r\u00eat<br \/>\nm\u00e9diatique<\/strong> consid\u00e9rable.<\/p>\n<p data-start=\"2383\" data-end=\"2655\">Aux yeux de certains,<br \/>\n<strong>Meghan Markle<\/strong> a donc pris<br \/>\n<strong>l\u2019ascendant<\/strong> dans cette nouvelle phase de leur<br \/>\ncarri\u00e8re commune. Mais au fond, le choix d\u2019affirmer chacun son<br \/>\nr\u00f4le, <strong>Meghan dans les m\u00e9dias<\/strong>, <strong>Harry dans<br \/>\nl\u2019associatif<\/strong>, pourrait bien \u00eatre la meilleure fa\u00e7on pour<br \/>\neux de durer.<\/p>\n","protected":false},"excerpt":{"rendered":"Nouveau tournant pour Meghan Markle et le prince Harry. 5 ans apr\u00e8s avoir sign\u00e9 un contrat historique avec&hellip;\n","protected":false},"author":2,"featured_media":323868,"comment_status":"","ping_status":"","sticky":false,"template":"","format":"standard","meta":{"footnotes":""},"categories":[8],"tags":[548,58,59,1011,27,42966,908,267],"class_list":{"0":"post-323867","1":"post","2":"type-post","3":"status-publish","4":"format-standard","5":"has-post-thumbnail","7":"category-divertissement","8":"tag-article-simple","9":"tag-divertissement","10":"tag-entertainment","11":"tag-fr","12":"tag-france","13":"tag-meghan-et-harry","14":"tag-meghan-markle","15":"tag-prince-harry"},"share_on_mastodon":{"url":"https:\/\/pubeurope.com\/@fr\/115041262900230916","error":""},"_links":{"self":[{"href":"https:\/\/www.europesays.com\/fr\/wp-json\/wp\/v2\/posts\/323867","targetHints":{"allow":["GET"]}}],"collection":[{"href":"https:\/\/www.europesays.com\/fr\/wp-json\/wp\/v2\/posts"}],"about":[{"href":"https:\/\/www.europesays.com\/fr\/wp-json\/wp\/v2\/types\/post"}],"author":[{"embeddable":true,"href":"https:\/\/www.europesays.com\/fr\/wp-json\/wp\/v2\/users\/2"}],"replies":[{"embeddable":true,"href":"https:\/\/www.europesays.com\/fr\/wp-json\/wp\/v2\/comments?post=323867"}],"version-history":[{"count":0,"href":"https:\/\/www.europesays.com\/fr\/wp-json\/wp\/v2\/posts\/323867\/revisions"}],"wp:featuredmedia":[{"embeddable":true,"href":"https:\/\/www.europesays.com\/fr\/wp-json\/wp\/v2\/media\/323868"}],"wp:attachment":[{"href":"https:\/\/www.europesays.com\/fr\/wp-json\/wp\/v2\/media?parent=323867"}],"wp:term":[{"taxonomy":"category","embeddable":true,"href":"https:\/\/www.europesays.com\/fr\/wp-json\/wp\/v2\/categories?post=323867"},{"taxonomy":"post_tag","embeddable":true,"href":"https:\/\/www.europesays.com\/fr\/wp-json\/wp\/v2\/tags?post=323867"}],"curies":[{"name":"wp","href":"https:\/\/api.w.org\/{rel}","templated":true}]}}