{"id":323869,"date":"2025-08-17T00:25:13","date_gmt":"2025-08-17T00:25:13","guid":{"rendered":"https:\/\/www.europesays.com\/fr\/323869\/"},"modified":"2025-08-17T00:25:13","modified_gmt":"2025-08-17T00:25:13","slug":"oubliez-les-cartes-microsd-ce-ssd-chinois-fait-la-taille-dune-carte-sim","status":"publish","type":"post","link":"https:\/\/www.europesays.com\/fr\/323869\/","title":{"rendered":"Oubliez les cartes MicroSD, ce SSD chinois fait la taille d&rsquo;une carte SIM"},"content":{"rendered":"<p class=\"sc-29e2a271-0 jjhUrQ\">Le Mini SSD embarque jusqu\u2019\u00e0 2 To de m\u00e9moire TLC 3D NAND, le double des meilleures microSDXC du march\u00e9. Ses 15 mm rappellent la microSD, mais la longueur accrue int\u00e8gre un contr\u00f4leur PCIe complet. L\u2019endurance annonc\u00e9e, 400 TBW pour la version 1 To, rivalise avec les disques NVMe d\u2019entr\u00e9e de gamme tout en tenant dans un espace de carte SIM.<\/p>\n<p class=\"sc-29e2a271-0 jjhUrQ\">Bien que l\u2019interface repose sur le standard PCIe 4.0 \u00d7 2, le brochage reste d\u00e9di\u00e9 aux partenaires de lancement tels que GPD et plusieurs fabricants de tablettes ARM. Biwin n\u00e9gocie avec la SD Association pour formaliser ce facteur de forme dans une future r\u00e9vision SD Express, sans garantie de r\u00e9tro-compatibilit\u00e9. En attendant, les constructeurs int\u00e9ress\u00e9s devront adopter le lecteur sp\u00e9cifique livr\u00e9 par Biwin.<\/p>\n","protected":false},"excerpt":{"rendered":"Le Mini SSD embarque jusqu\u2019\u00e0 2 To de m\u00e9moire TLC 3D NAND, le double des meilleures microSDXC du&hellip;\n","protected":false},"author":2,"featured_media":323870,"comment_status":"","ping_status":"","sticky":false,"template":"","format":"standard","meta":{"footnotes":""},"categories":[7],"tags":[1011,27,43,40,41,39,42,44],"class_list":{"0":"post-323869","1":"post","2":"type-post","3":"status-publish","4":"format-standard","5":"has-post-thumbnail","7":"category-sciences-et-technologies","8":"tag-fr","9":"tag-france","10":"tag-science","11":"tag-science-and-technology","12":"tag-sciences","13":"tag-sciences-et-technologies","14":"tag-technologies","15":"tag-technology"},"share_on_mastodon":{"url":"https:\/\/pubeurope.com\/@fr\/115041266820342097","error":""},"_links":{"self":[{"href":"https:\/\/www.europesays.com\/fr\/wp-json\/wp\/v2\/posts\/323869","targetHints":{"allow":["GET"]}}],"collection":[{"href":"https:\/\/www.europesays.com\/fr\/wp-json\/wp\/v2\/posts"}],"about":[{"href":"https:\/\/www.europesays.com\/fr\/wp-json\/wp\/v2\/types\/post"}],"author":[{"embeddable":true,"href":"https:\/\/www.europesays.com\/fr\/wp-json\/wp\/v2\/users\/2"}],"replies":[{"embeddable":true,"href":"https:\/\/www.europesays.com\/fr\/wp-json\/wp\/v2\/comments?post=323869"}],"version-history":[{"count":0,"href":"https:\/\/www.europesays.com\/fr\/wp-json\/wp\/v2\/posts\/323869\/revisions"}],"wp:featuredmedia":[{"embeddable":true,"href":"https:\/\/www.europesays.com\/fr\/wp-json\/wp\/v2\/media\/323870"}],"wp:attachment":[{"href":"https:\/\/www.europesays.com\/fr\/wp-json\/wp\/v2\/media?parent=323869"}],"wp:term":[{"taxonomy":"category","embeddable":true,"href":"https:\/\/www.europesays.com\/fr\/wp-json\/wp\/v2\/categories?post=323869"},{"taxonomy":"post_tag","embeddable":true,"href":"https:\/\/www.europesays.com\/fr\/wp-json\/wp\/v2\/tags?post=323869"}],"curies":[{"name":"wp","href":"https:\/\/api.w.org\/{rel}","templated":true}]}}