{"id":323873,"date":"2025-08-17T00:27:09","date_gmt":"2025-08-17T00:27:09","guid":{"rendered":"https:\/\/www.europesays.com\/fr\/323873\/"},"modified":"2025-08-17T00:27:09","modified_gmt":"2025-08-17T00:27:09","slug":"toute-volonte-de-demilitariser-lukraine-est-inacceptable-alerte-benjamin-haddad","status":"publish","type":"post","link":"https:\/\/www.europesays.com\/fr\/323873\/","title":{"rendered":"\u00abToute volont\u00e9 de d\u00e9militariser l\u2019Ukraine est inacceptable\u00bb, alerte Benjamin Haddad"},"content":{"rendered":"<p>Le ministre d\u00e9l\u00e9gu\u00e9 charg\u00e9 de l\u2019Europe insiste, dans un entretien \u00e0 La Tribune Dimanche, sur la n\u00e9cessit\u00e9 de soutenir Volodymyr Zelensky et enjoint les Europ\u00e9ens \u00e0 assurer leur propre s\u00e9curit\u00e9.<\/p>\n<p class=\"fig-paragraph\">\u00abLa Russie est une menace durable pour l\u2019Ukraine et pour l\u2019Europe\u00bb, mart\u00e8le\u00a0<a href=\"http:\/\/www.lefigaro.fr\/international\/benjamin-haddad-et-giuliano-da-empoli-l-union-europeenne-est-elle-armee-face-aux-predateurs-20250529\" data-fig-type=\"Article\" data-gtm-custom-categorie=\"navigation\" data-gtm-custom-action=\"crossclick\" data-gtm-custom-label=\"Contextuel\" data-gtm-event=\"customEventSPE\" data-fig-domain=\"LEFIGARO\" target=\"_blank\" rel=\"noopener\">Benjamin Haddad<\/a>, ministre d\u00e9l\u00e9gu\u00e9 charg\u00e9 de l\u2019Europe dans une interview publi\u00e9e\u00a0<a href=\"https:\/\/www.latribune.fr\/la-tribune-dimanche\/dans-le-monde\/la-russie-est-une-menace-durable-pour-l-ukraine-et-l-europe-benjamin-haddad-ministre-delegue-charge-de-l-europe-1031216.html\" target=\"_blank\" rel=\"sponsored noopener\" data-gtm-custom-categorie=\"navigation\" data-gtm-custom-action=\"crossclick\" data-gtm-custom-label=\"Contextuel\" data-gtm-event=\"customEventSPE\">dans la Tribune Dimanche<\/a> \u00a0ce 16 ao\u00fbt. Le \u00abMonsieur Europe\u00bb du gouvernement appuie sur la n\u00e9cessit\u00e9 de parvenir \u00e0 un accord assorti de \u00abgaranties de s\u00e9curit\u00e9 claires\u00bb pour \u00abdissuader une agression future de la Russie\u00bb.<\/p>\n<p class=\"fig-paragraph\">Sur ce point, le ministre est tr\u00e8s clair\u00a0: il s\u2019agit de parvenir \u00e0 juguler \u00ab cette menace\u00bb que repr\u00e9sente Moscou pour \u00e9viter qu\u2019un accord de paix futur ne soit \u00abqu\u2019une parenth\u00e8se utilis\u00e9e par la Russie pour se refaire et pr\u00e9parer une guerre prochaine\u00bb. Pour ce faire, l\u2019arm\u00e9e ukrainienne doit rester forte. Dans ces conditions, \u00abtoute volont\u00e9 de d\u00e9militariser l\u2019Ukraine est inacceptable\u00bb, mart\u00e8le Benjamin Haddad et\u00a0<a href=\"http:\/\/www.lefigaro.fr\/international\/guerre-en-ukraine-volodymyr-zelensky-rencontrera-donald-trump-des-lundi-a-washington-20250816\" data-fig-type=\"NewsFlash\" data-gtm-custom-categorie=\"navigation\" data-gtm-custom-action=\"crossclick\" data-gtm-custom-label=\"Contextuel\" data-gtm-event=\"customEventSPE\" data-fig-domain=\"LEFIGARO\" target=\"_blank\" rel=\"noopener\">Volodymyr Zelensky<\/a>\u00a0doit rester \u00abau c\u0153ur de ces n\u00e9gociations\u00bb.<\/p>\n<p>                                    <a class=\"fig-a11y-skip a11y-hidden\" href=\"#fig-a11y-skip-main-inarticle\"><br \/>\n        Passer la publicit\u00e9<br \/>\n    <\/a><\/p>\n<p>\u00abC\u2019est aux Europ\u00e9ens d\u2019assurer leur propre s\u00e9curit\u00e9\u00bb<\/p>\n<p class=\"fig-paragraph\">Ce dernier rappelle que la France est pr\u00eate \u00e0 \u00abjouer un r\u00f4le actif\u00bb pour \u00abappuyer ces garanties\u00bb et souligne que \u00abDonald Trump a d\u2019ailleurs indiqu\u00e9 soutenir l\u2019id\u00e9e de participer \u00e0 ces garanties de s\u00e9curit\u00e9\u00bb, ce qui repr\u00e9sente une \u00abavanc\u00e9e positive\u00bb. Le ministre insiste \u00e9galement sur la n\u00e9cessit\u00e9 de soutenir le pr\u00e9sident ukrainien et revient sur\u00a0<a href=\"http:\/\/www.lefigaro.fr\/international\/le-casse-tete-bureaucratique-et-institutionnel-de-l-adhesion-de-l-ukraine-a-l-union-europeenne-20250326\" target=\"_blank\" data-fig-type=\"Article\" rel=\"noopener\" data-gtm-custom-categorie=\"navigation\" data-gtm-custom-action=\"crossclick\" data-gtm-custom-label=\"Contextuel\" data-gtm-event=\"customEventSPE\" data-fig-domain=\"LEFIGARO\">l\u2019adh\u00e9sion de Kiev \u00e0 l\u2019UE<\/a>. \u00abLa candidature \u00e0 l\u2019Union est un processus exigeant et long, qui implique des r\u00e9formes profondes pour garantir l\u2019\u00c9tat de droit, la lutte contre la corruption, l\u2019ind\u00e9pendance de la justice\u00bb, rappelle encore le membre du gouvernement. Qui insiste sur les b\u00e9n\u00e9fices que pourrait rapporter l\u2019\u00e9largissement du bloc europ\u00e9en. Ces derniers ont \u00abrepr\u00e9sent\u00e9 une r\u00e9unification historique du continent europ\u00e9en apr\u00e8s un demi-si\u00e8cle de rideau de fer et de totalitarisme communiste\u00bb.<\/p>\n<p class=\"fig-paragraph\">L\u2019arriv\u00e9e dans l\u2019Union Europ\u00e9enne des pays candidats contribuerait ainsi \u00e0 \u00abassurer la stabilit\u00e9 g\u00e9opolitique de notre continent\u00bb. Pour que l\u2019Europe reste forte, Benjamin Haddad appelle \u00e0 \u00abtirer les cons\u00e9quences de la r\u00e9orientation de la puissance am\u00e9ricaine\u00bb. \u00abC\u2019est aux Europ\u00e9ens d\u2019assurer leur propre s\u00e9curit\u00e9\u00bb, ass\u00e8ne le ministre, qui rappelle que la France a doubl\u00e9 son budget de d\u00e9fense en ce sens.<\/p>\n","protected":false},"excerpt":{"rendered":"Le ministre d\u00e9l\u00e9gu\u00e9 charg\u00e9 de l\u2019Europe insiste, dans un entretien \u00e0 La Tribune Dimanche, sur la n\u00e9cessit\u00e9 de&hellip;\n","protected":false},"author":2,"featured_media":323874,"comment_status":"","ping_status":"","sticky":false,"template":"","format":"standard","meta":{"footnotes":""},"categories":[5],"tags":[11,674,1011,27,131,14,12,28],"class_list":{"0":"post-323873","1":"post","2":"type-post","3":"status-publish","4":"format-standard","5":"has-post-thumbnail","7":"category-international","8":"tag-actualites","9":"tag-europe","10":"tag-fr","11":"tag-france","12":"tag-guerre-en-ukraine","13":"tag-international","14":"tag-news","15":"tag-world"},"share_on_mastodon":{"url":"https:\/\/pubeurope.com\/@fr\/115041274671699807","error":""},"_links":{"self":[{"href":"https:\/\/www.europesays.com\/fr\/wp-json\/wp\/v2\/posts\/323873","targetHints":{"allow":["GET"]}}],"collection":[{"href":"https:\/\/www.europesays.com\/fr\/wp-json\/wp\/v2\/posts"}],"about":[{"href":"https:\/\/www.europesays.com\/fr\/wp-json\/wp\/v2\/types\/post"}],"author":[{"embeddable":true,"href":"https:\/\/www.europesays.com\/fr\/wp-json\/wp\/v2\/users\/2"}],"replies":[{"embeddable":true,"href":"https:\/\/www.europesays.com\/fr\/wp-json\/wp\/v2\/comments?post=323873"}],"version-history":[{"count":0,"href":"https:\/\/www.europesays.com\/fr\/wp-json\/wp\/v2\/posts\/323873\/revisions"}],"wp:featuredmedia":[{"embeddable":true,"href":"https:\/\/www.europesays.com\/fr\/wp-json\/wp\/v2\/media\/323874"}],"wp:attachment":[{"href":"https:\/\/www.europesays.com\/fr\/wp-json\/wp\/v2\/media?parent=323873"}],"wp:term":[{"taxonomy":"category","embeddable":true,"href":"https:\/\/www.europesays.com\/fr\/wp-json\/wp\/v2\/categories?post=323873"},{"taxonomy":"post_tag","embeddable":true,"href":"https:\/\/www.europesays.com\/fr\/wp-json\/wp\/v2\/tags?post=323873"}],"curies":[{"name":"wp","href":"https:\/\/api.w.org\/{rel}","templated":true}]}}