{"id":323884,"date":"2025-08-17T00:50:12","date_gmt":"2025-08-17T00:50:12","guid":{"rendered":"https:\/\/www.europesays.com\/fr\/323884\/"},"modified":"2025-08-17T00:50:12","modified_gmt":"2025-08-17T00:50:12","slug":"villard-de-lans-venez-decouvrir-le-hockey-sur-glace-ce-vendredi","status":"publish","type":"post","link":"https:\/\/www.europesays.com\/fr\/323884\/","title":{"rendered":"Villard-de-Lans. Venez d\u00e9couvrir le hockey sur glace ce vendredi"},"content":{"rendered":"<p>Ce vendredi 15\u00a0ao\u00fbt \u00e0 20\u00a0h\u00a030, le club de hockey sur glace de Villard propose un match exhibition qui verra s\u2019opposer deux \u00e9quipes compos\u00e9es de jeunes joueurs issus de la formation villardienne, titulaires ou pr\u00eats \u00e0 int\u00e9grer l\u2019\u00e9quipe de division 1, deuxi\u00e8me niveau fran\u00e7ais. Ils pourront se frotter \u00e0 quelques joueurs plus chevronn\u00e9s de l\u2019\u00e9quipe fanion des Ours.<\/p>\n<p>Du beau spectacle en perspective sur la glace de la patinoire Andr\u00e9-Ravix\u00a0!<\/p>\n<p class=\"note\">Prix des places\u00a0: 5\u00a0\u20ac. Entr\u00e9e gratuite pour les moins de 5 ans.<\/p>\n","protected":false},"excerpt":{"rendered":"Ce vendredi 15\u00a0ao\u00fbt \u00e0 20\u00a0h\u00a030, le club de hockey sur glace de Villard propose un match exhibition qui&hellip;\n","protected":false},"author":2,"featured_media":323885,"comment_status":"","ping_status":"","sticky":false,"template":"","format":"standard","meta":{"footnotes":""},"categories":[9566],"tags":[1111,11,2430,112,1777,674,1011,27,2731,4133,32346,12,25,32345],"class_list":{"0":"post-323884","1":"post","2":"type-post","3":"status-publish","4":"format-standard","5":"has-post-thumbnail","7":"category-grenoble","8":"tag-actu","9":"tag-actualites","10":"tag-auvergne-rhone-alpes","11":"tag-edition-grenoble-agglomeration","12":"tag-eu","13":"tag-europe","14":"tag-fr","15":"tag-france","16":"tag-grenoble","17":"tag-hockey-sur-glace","18":"tag-le-vercors","19":"tag-news","20":"tag-republique-francaise","21":"tag-villard-de-lans"},"share_on_mastodon":{"url":"https:\/\/pubeurope.com\/@fr\/115041365079479071","error":""},"_links":{"self":[{"href":"https:\/\/www.europesays.com\/fr\/wp-json\/wp\/v2\/posts\/323884","targetHints":{"allow":["GET"]}}],"collection":[{"href":"https:\/\/www.europesays.com\/fr\/wp-json\/wp\/v2\/posts"}],"about":[{"href":"https:\/\/www.europesays.com\/fr\/wp-json\/wp\/v2\/types\/post"}],"author":[{"embeddable":true,"href":"https:\/\/www.europesays.com\/fr\/wp-json\/wp\/v2\/users\/2"}],"replies":[{"embeddable":true,"href":"https:\/\/www.europesays.com\/fr\/wp-json\/wp\/v2\/comments?post=323884"}],"version-history":[{"count":0,"href":"https:\/\/www.europesays.com\/fr\/wp-json\/wp\/v2\/posts\/323884\/revisions"}],"wp:featuredmedia":[{"embeddable":true,"href":"https:\/\/www.europesays.com\/fr\/wp-json\/wp\/v2\/media\/323885"}],"wp:attachment":[{"href":"https:\/\/www.europesays.com\/fr\/wp-json\/wp\/v2\/media?parent=323884"}],"wp:term":[{"taxonomy":"category","embeddable":true,"href":"https:\/\/www.europesays.com\/fr\/wp-json\/wp\/v2\/categories?post=323884"},{"taxonomy":"post_tag","embeddable":true,"href":"https:\/\/www.europesays.com\/fr\/wp-json\/wp\/v2\/tags?post=323884"}],"curies":[{"name":"wp","href":"https:\/\/api.w.org\/{rel}","templated":true}]}}