{"id":323886,"date":"2025-08-17T00:52:15","date_gmt":"2025-08-17T00:52:15","guid":{"rendered":"https:\/\/www.europesays.com\/fr\/323886\/"},"modified":"2025-08-17T00:52:15","modified_gmt":"2025-08-17T00:52:15","slug":"ligue-1-rennes-1-0-om-la-tactique-et-les-joueurs","status":"publish","type":"post","link":"https:\/\/www.europesays.com\/fr\/323886\/","title":{"rendered":"Ligue 1 &#8211; Rennes 1-0 OM : la tactique et les joueurs"},"content":{"rendered":"<p><strong><\/p>\n<p>M\u00eame si les Olympiens n\u2019ont pas fait un mauvais match, ils ont manqu\u00e9 de pr\u00e9sence, de cr\u00e9ativit\u00e9 et d\u2019envie offensives surtout qu\u2019il ont \u00e9volu\u00e9 en sup\u00e9riorit\u00e9 num\u00e9rique pendant une heure. Ils ont \u00e9t\u00e9 en danger sur les contres et c\u2019est sur le dernier qu\u2019ils se sont inclin\u00e9s.<\/p>\n<p><\/strong><\/p>\n<p>La saison 2025-26 d\u00e9marre \u00e0 Rennes pour les Olympiens avec pour objectif de partir du bon pied dans une saison qui s\u2019annonce int\u00e9ressante avec un effectif relativement stable apr\u00e8s la bonne saison 2024-25 et le retour en Ligue des Champions dans quelques semaines.<\/p>\n<p>Certains joueurs sont \u00e0 l\u2019\u00e9cart du groupe comme Ruben Blanco, Bamo Me\u00eft\u00e9, Azzedine Ounahi, Fran\u00e7ois R\u00e9gis Mughe et Faris Moumbagna qui doivent trouver un autre club. Facundo Medina est suspendu alors qu\u2019Igor Paixao est bless\u00e9 et n\u2019ont pas \u00e9t\u00e9 retenus par Roberto De Zerbi. L\u2019entraineur italien a aussi laiss\u00e9 \u00e0 Marseille Pol Lirola et Neal Maupay qui ont fait la pr\u00e9paration. C\u2019est dans un 3-4-3 avec ballon et 4-3-3 sans le ballon que les Marseillais d\u00e9marrent le match avec Geronimo Rulli dans le but, Michael Murillo, Geoffrey Kondgobia, le capitaine Leonardo Balerdi et Conrad Egan-Riley en d\u00e9fense de gauche \u00e0 droite, le Panam\u00e9en montant d\u2019un cran quand son \u00e9quipe a le ballon\u00a0; Pierre-Emile H\u00f8jbjerg et Angel Gomes sont les milieux r\u00e9cup\u00e9rateurs avec Adrien Rabiot un cran plus haut, plus pr\u00e8s des trois attaquants\u00a0qui sont Jonathan Rowe \u00e0 gauche, Mason Greenwood \u00e0 droite et Amine Gouiri dans l\u2019axe.<\/p>\n<p>Sur le banc, on retrouve Jeffrey de Lange, Derek Cornelius, Timothy Weah, Ulisses Garcia, Bilal Nadir, Darryl Bakola, Amit Harit, Robino Vaz et Pierre-Emerick Aubameyang. Theo Vermot n\u2019est pas sur la feuille de match.<\/p>\n<p>Pendant les 45 premi\u00e8res minutes, l\u2019OM a le ballon, Rennes presse haut, est souvent hors-jeu et se retrouve \u00e0 10 \u00e0 la demi-heure. N\u00e9anmoins, il n\u2019y a pas de but pendant la premi\u00e8re mi-temps.<\/p>\n<p>C\u2019est une attaque\/d\u00e9fense en seconde p\u00e9riode mais l\u2019OM a peu d\u2019occasion et Rennes est dangereux en contre. Les Bretons ouvrent le score dans les arr\u00eats de jeu sur un mauvais alignement de la d\u00e9fense marseillaise et l\u2019emportent.<\/p>\n<p class=\"has-pale-cyan-blue-background-color has-background has-medium-font-size\"><strong>L\u2019homme du match<\/strong><\/p>\n<p><strong>Geronimo Rulli<\/strong> (7)\u00a0: apr\u00e8s deux bonnes sorties dans les pieds au quart d\u2019heure, l\u2019Argentin a effectu\u00e9 une bonne intervention de la t\u00eate loin de son but et a fini la premi\u00e8re mi-temps par une autre super sortie dans les pieds. Moins sollicit\u00e9 en seconde mi-temps, il a tout de m\u00eame effectu\u00e9 un bel arr\u00eat sur un contre tr\u00e8s rapide \u00e0 l\u2019heure de jeu mais s\u2019est inclin\u00e9 sur un duel plein axe en toute fin de match.<\/p>\n<p class=\"has-pale-cyan-blue-background-color has-background has-medium-font-size\"><strong>Les autres joueurs<\/strong><\/p>\n<p><strong>Michael Murillo<\/strong> (6.5)\u00a0: milieu gauche tr\u00e8s haut quand son \u00e9quipe avait le ballon, il \u00e9tait plus bas quand les Bretons avaient la possession. Dans ce r\u00f4le inhabituel, il a effectu\u00e9 une bonne intervention sur un ballon chaud et a ensuite pris une \u00e9norme semelle sur la cheville \u00e0 la demi-heure qui a logiquement valu un rouge au Rennais. Moins en vue apr\u00e8s le repos, il a tout de m\u00eame plac\u00e9 une tr\u00e8s belle t\u00eate avant l\u2019heure de jeu sur le poteau puis a fait un bon num\u00e9ro dans la surface. Bref, une des satisfactions de la rencontre alors qu\u2019il a \u00e9volu\u00e9 dans un r\u00f4le original.<\/p>\n<p><strong>Ulisses Garcia<\/strong> (non not\u00e9)\u00a0: entr\u00e9 pour le dernier quart d\u2019heure \u00e0 la place et au poste du Panam\u00e9en, il a pris un carton pour \u00e9viter un contre rennais mais n\u2019a pas eu le temps de se mettre en \u00e9vidence.<\/p>\n<p><strong>Geoffrey Kondogbia<\/strong> (5)\u00a0: la surprise du onze de d\u00e9part a \u00e9volu\u00e9 stoppeur gauche. Apr\u00e8s une longue relance impr\u00e9cise, il a \u00e9t\u00e9 globalement solide malgr\u00e9 une m\u00e9sentente avec Balerdi avant le repos donnant une super opportunit\u00e9 aux Bretons. Il n\u2019a jou\u00e9 que la premi\u00e8re p\u00e9riode pour un choix plus offensif.<\/p>\n<p><strong>Timothy Weah<\/strong> (5)\u00a0: entr\u00e9 d\u00e8s l\u2019entame de la seconde p\u00e9riode \u00e0 la place du Centrafricain, il a \u00e9volu\u00e9 dans le couloir droit et a \u00e9t\u00e9 tr\u00e8s offensif. Il a beaucoup combin\u00e9 avec Greenwood sans jamais faire la diff\u00e9rence malgr\u00e9 plusieurs centres et un tir. On ne l\u2019a vu qu\u2019une fois sur un ballon d\u00e9fensif et il a \u00e9t\u00e9 b\u00eatement battu par Merlin.<\/p>\n<p><strong>Leonardo Balerdi<\/strong> (4.5)\u00a0: apr\u00e8s une relance plein axe rat\u00e9e, le stoppeur droit sans le ballon ou d\u00e9fenseur le plus axial avec le ballon, ne s\u2019est pas bien entendu avec Kondogbia sur un long ballon avant la mi-temps. Auteur d\u2019une reprise acrobatique sur un corner qui a fini dans les bras de Samba, il a rat\u00e9 une intervention haute qui a donn\u00e9 un super contre aux Rennais dans le dernier quart d\u2019heure mais n\u2019a surtout pas \u00e9t\u00e9 align\u00e9 (de tr\u00e8s peu) sur le but et cela co\u00fbte tr\u00e8s cher\u2026<\/p>\n<p><strong>Conrad Egan-Riley<\/strong> (6.5)\u00a0: le jeune Anglais a profit\u00e9 de la suspension de Medina pour \u00eatre titulaire et a \u00e9volu\u00e9 sur la droite. Il a d\u00e9but\u00e9 par une passe en retrait pour son gardien dangereuse puis fait un bon retour avant la pause pour compenser une incompr\u00e9hension entre Balerdi et Kondogbia. Stoppeur droit apr\u00e8s le repos, il a encore effectu\u00e9 un bon retour sur un contre rennais en d\u00e9but de seconde p\u00e9riode puis a \u00e9t\u00e9 l\u2019auteur d\u2019une d\u00e9fense tr\u00e8s bizarre sur un autre contre \u00e0 l\u2019heure de jeu. Il a termin\u00e9 par une super intervention pour contrer un tir sur un autre contre super dangereux.<\/p>\n<p><strong>Pierre-Emile H\u00f8jbjerg<\/strong> (4.5)\u00a0: apr\u00e8s une bonne r\u00e9cup\u00e9ration haute, le Danois a rat\u00e9 une relance \u00e0 l\u2019origine d\u2019une belle occasion pour les Bretons. On l\u2019a relativement peu vu m\u00eame s\u2019il s\u2019est retrouv\u00e9 deux fois devant le but adverse\u00a0: en premi\u00e8re mi-temps, au second poteau apr\u00e8s un corner, il n\u2019a pas r\u00e9ussi \u00e0 redresser le ballon et marquer dans le but vide\u00a0; il a plac\u00e9 une t\u00eate non cadr\u00e9e en seconde p\u00e9riode.<\/p>\n<p><strong>Angel Gomes<\/strong> (6)\u00a0: l\u2019Anglais a touch\u00e9 \u00e9norm\u00e9ment de ballons et a \u00e9t\u00e9 le relanceur num\u00e9ro un de son \u00e9quipe. Il a \u00e9t\u00e9 pr\u00e9cis dans ce r\u00f4le et, offensivement, il a loup\u00e9 un tir du plat du pied \u00e0 10 minutes de la fin alors qu\u2019il \u00e9tait tr\u00e8s bien plac\u00e9 \u00e0 l\u2019entr\u00e9e de la surface.<\/p>\n<p><strong>Darryl Bakola<\/strong> (non not\u00e9)\u00a0: entr\u00e9 pour les 5 derni\u00e8res minutes \u00e0 la place de Gomes il a effectu\u00e9 une Intervention limite dans la surface mais son entr\u00e9e est un geste fort de la part de son entraineur alors que Nadir voire Harit auraient pu rentrer.<\/p>\n<p><strong>Adrien Rabiot<\/strong> (3.5)\u00a0: l\u2019international a \u00e9t\u00e9 tr\u00e8s effac\u00e9 et peu \u00e0 son avantage dans ce r\u00f4le axial. Il a pris un carton s\u00e9v\u00e8re en milieu de premi\u00e8re p\u00e9riode et a surtout d\u00e9coch\u00e9 une superbe frappe sur le poteau dans les arr\u00eats de jeu de la premi\u00e8re mi-temps. Mais c\u2019est bien trop peu.<\/p>\n<p><strong>Mason Greenwood<\/strong> (4.5)\u00a0: l\u2019ailier droit a \u00e9t\u00e9 remuant et volontaire mais a \u00e9t\u00e9 globalement tr\u00e8s bien musel\u00e9 par son ancien co\u00e9quipier Merlin avec qui il s\u2019entrainait encore il y a quelques jours. Ses centres et ses tirs n\u2019ont pas \u00e9t\u00e9 assez pr\u00e9cis et il a termin\u00e9 le match par plusieurs mauvais choix.<\/p>\n<p><strong>Jonathan Rowe<\/strong> (5)\u00a0: l\u2019ailier gauche a \u00e9t\u00e9 remuant avec notamment un tir contr\u00e9 et une t\u00eate rat\u00e9e. Il a aussi bascul\u00e9 \u00e0 droite et dans l\u2019axe dans les derni\u00e8res minutes de la premi\u00e8re p\u00e9riode. Apr\u00e8s une frappe rat\u00e9e en d\u00e9but de seconde mi-temps, il a eu un super ballon dans la surface qu\u2019il a tr\u00e8s mal n\u00e9goci\u00e9. Il est sorti peu apr\u00e8s.<\/p>\n<p><strong>Pierre-Emerick Aubameyang<\/strong> (non not\u00e9)\u00a0: entr\u00e9 peu apr\u00e8s l\u2019heure de jeu \u00e0 la place de Rowe, il a jou\u00e9 dans l\u2019axe mais n\u2019a pas eu l\u2019occasion de se mettre en \u00e9vidence.<\/p>\n<p><strong>Amine Gouiri<\/strong> (3.5)\u00a0: un tir contr\u00e9 apr\u00e8s un contre rapide, mais c\u2019est surtout sur les corners o\u00f9 on l\u2019a vu et il n\u2019a gu\u00e8re \u00e9t\u00e9 \u00e0 son avantage\u2026 Il a bascul\u00e9 \u00e0 gauche \u00e0 l\u2019entr\u00e9e d\u2019Aubameyang et il a fait quelques centres sans danger et un tir sur Samba.<\/p>\n<p><strong>Robino Vaz<\/strong> (non not\u00e9)\u00a0: lui aussi est entr\u00e9 pour les 5 derni\u00e8res minutes et a pris la place et le poste de Gouiri. Il n\u2019a eu le temps de s\u2019illustrer que par une bonne intervention d\u00e9fensive.<\/p>\n<p>M\u00eame si les Olympiens n\u2019ont pas fait un mauvais match, ils ont manqu\u00e9 de pr\u00e9sence, de cr\u00e9ativit\u00e9 et d\u2019envie offensives surtout qu\u2019il ont \u00e9volu\u00e9 en sup\u00e9riorit\u00e9 num\u00e9rique pendant une heure. Ils ont \u00e9t\u00e9 en danger sur les contres et c\u2019est sur le dernier qu\u2019ils se sont inclin\u00e9s.<\/p>\n<p>Individuellement, Adrien Rabiot a \u00e9t\u00e9 quasiment invisible alors que Geronimo Rulli a longtemps retard\u00e9 l\u2019\u00e9ch\u00e9ance.<\/p>\n<p>Il faudra rebondir d\u00e8s le week-end prochain en battant le Paris FC pour \u00e9viter tout d\u00e9but de doute.<\/p>\n","protected":false},"excerpt":{"rendered":"M\u00eame si les Olympiens n\u2019ont pas fait un mauvais match, ils ont manqu\u00e9 de pr\u00e9sence, de cr\u00e9ativit\u00e9 et&hellip;\n","protected":false},"author":2,"featured_media":323887,"comment_status":"","ping_status":"","sticky":false,"template":"","format":"standard","meta":{"footnotes":""},"categories":[2821],"tags":[1111,11,829,1777,674,1011,27,12,584,25],"class_list":{"0":"post-323886","1":"post","2":"type-post","3":"status-publish","4":"format-standard","5":"has-post-thumbnail","7":"category-rennes","8":"tag-actu","9":"tag-actualites","10":"tag-bretagne","11":"tag-eu","12":"tag-europe","13":"tag-fr","14":"tag-france","15":"tag-news","16":"tag-rennes","17":"tag-republique-francaise"},"share_on_mastodon":{"url":"https:\/\/pubeurope.com\/@fr\/115041372907151408","error":""},"_links":{"self":[{"href":"https:\/\/www.europesays.com\/fr\/wp-json\/wp\/v2\/posts\/323886","targetHints":{"allow":["GET"]}}],"collection":[{"href":"https:\/\/www.europesays.com\/fr\/wp-json\/wp\/v2\/posts"}],"about":[{"href":"https:\/\/www.europesays.com\/fr\/wp-json\/wp\/v2\/types\/post"}],"author":[{"embeddable":true,"href":"https:\/\/www.europesays.com\/fr\/wp-json\/wp\/v2\/users\/2"}],"replies":[{"embeddable":true,"href":"https:\/\/www.europesays.com\/fr\/wp-json\/wp\/v2\/comments?post=323886"}],"version-history":[{"count":0,"href":"https:\/\/www.europesays.com\/fr\/wp-json\/wp\/v2\/posts\/323886\/revisions"}],"wp:featuredmedia":[{"embeddable":true,"href":"https:\/\/www.europesays.com\/fr\/wp-json\/wp\/v2\/media\/323887"}],"wp:attachment":[{"href":"https:\/\/www.europesays.com\/fr\/wp-json\/wp\/v2\/media?parent=323886"}],"wp:term":[{"taxonomy":"category","embeddable":true,"href":"https:\/\/www.europesays.com\/fr\/wp-json\/wp\/v2\/categories?post=323886"},{"taxonomy":"post_tag","embeddable":true,"href":"https:\/\/www.europesays.com\/fr\/wp-json\/wp\/v2\/tags?post=323886"}],"curies":[{"name":"wp","href":"https:\/\/api.w.org\/{rel}","templated":true}]}}