{"id":323888,"date":"2025-08-17T00:54:10","date_gmt":"2025-08-17T00:54:10","guid":{"rendered":"https:\/\/www.europesays.com\/fr\/323888\/"},"modified":"2025-08-17T00:54:10","modified_gmt":"2025-08-17T00:54:10","slug":"metz-strasbourg-a-quelle-heure-et-sur-quelle-chaine-tv-suivre-le-match-de-la-premiere-journee-de-ligue-1","status":"publish","type":"post","link":"https:\/\/www.europesays.com\/fr\/323888\/","title":{"rendered":"Metz-Strasbourg\u00a0: \u00e0 quelle heure et sur quelle cha\u00eene TV suivre le match de la premi\u00e8re journ\u00e9e de Ligue\u00a01\u00a0?"},"content":{"rendered":"<p class=\"paragraph text_align_left lp-f-body-02\">Pour la septi\u00e8me fois depuis le d\u00e9but du XXIe si\u00e8cle, le FC Metz retrouve la <a href=\"https:\/\/www.leparisien.fr\/sports\/football\/ligue-1\/\" target=\"_self\" rel=\"nofollow noopener\">Ligue 1<\/a>. Ce dimanche 17 ao\u00fbt, les Grenats ouvrent leur saison sur leur pelouse du Stade Saint-Symphorien, o\u00f9 ils accueilleront le RC Strasbourg \u00e0 partir de 17h15.<\/p>\n<p class=\"paragraph text_align_left lp-f-body-02\">Troisi\u00e8mes de Ligue 2 la saison pass\u00e9e et promu apr\u00e8s une victoire face \u00e0 Reims en barrages, les hommes de St\u00e9phane Le Mignan ont sign\u00e9 une pr\u00e9paration estivale en montagne russes : quatre victoires et deux d\u00e9faites, dont la derni\u00e8re violente <a href=\"https:\/\/www.leparisien.fr\/sports\/football\/ligue-1\/ligue-1-metz-prend-huit-buts-a-hoffenheim-pour-son-dernier-match-amical-avant-la-reprise-du-championnat-09-08-2025-JVDMYQEVS5FULD4GAPAU5NP6H4.php\" target=\"_self\" rel=\"nofollow noopener\">contre le club allemand Hoffenheim (8-0)<\/a>.<\/p>\n<p class=\"paragraph text_align_left lp-f-body-02\">En face, le RC Strasbourg aborde cette nouvelle saison avec un bilan \u00e9quilibr\u00e9 en pr\u00e9paration de deux victoires, un nul et deux d\u00e9faites. Septi\u00e8me de Ligue 1 pour la deuxi\u00e8me fois en quatre ans, le club alsacien s\u2019est qualifi\u00e9 pour le tour de barrage de la Ligue Conf\u00e9rence 2025-2026.<\/p>\n<p class=\"paragraph text_align_left lp-f-body-02\">Les statistiques r\u00e9centes leur sont favorables : les Strasbourgeois restent sur cinq succ\u00e8s cons\u00e9cutifs face aux Messins depuis f\u00e9vrier 2021.<\/p>\n<p class=\"paragraph text_align_left lp-f-body-02\"><b>Le match entre le FC Metz et le RC Strasbourg est \u00e0 suivre \u00e0 partir de 17h15 sur Ligue 1<\/b> <b>+.<\/b><\/p>\n","protected":false},"excerpt":{"rendered":"Pour la septi\u00e8me fois depuis le d\u00e9but du XXIe si\u00e8cle, le FC Metz retrouve la Ligue 1. Ce&hellip;\n","protected":false},"author":2,"featured_media":323889,"comment_status":"","ping_status":"","sticky":false,"template":"","format":"standard","meta":{"footnotes":""},"categories":[2820],"tags":[1111,11,1777,674,63,1011,27,775,66,12,25,60,640],"class_list":{"0":"post-323888","1":"post","2":"type-post","3":"status-publish","4":"format-standard","5":"has-post-thumbnail","7":"category-strasbourg","8":"tag-actu","9":"tag-actualites","10":"tag-eu","11":"tag-europe","12":"tag-football","13":"tag-fr","14":"tag-france","15":"tag-grand-est","16":"tag-ligue-1","17":"tag-news","18":"tag-republique-francaise","19":"tag-sports","20":"tag-strasbourg"},"share_on_mastodon":{"url":"https:\/\/pubeurope.com\/@fr\/115041380795356892","error":""},"_links":{"self":[{"href":"https:\/\/www.europesays.com\/fr\/wp-json\/wp\/v2\/posts\/323888","targetHints":{"allow":["GET"]}}],"collection":[{"href":"https:\/\/www.europesays.com\/fr\/wp-json\/wp\/v2\/posts"}],"about":[{"href":"https:\/\/www.europesays.com\/fr\/wp-json\/wp\/v2\/types\/post"}],"author":[{"embeddable":true,"href":"https:\/\/www.europesays.com\/fr\/wp-json\/wp\/v2\/users\/2"}],"replies":[{"embeddable":true,"href":"https:\/\/www.europesays.com\/fr\/wp-json\/wp\/v2\/comments?post=323888"}],"version-history":[{"count":0,"href":"https:\/\/www.europesays.com\/fr\/wp-json\/wp\/v2\/posts\/323888\/revisions"}],"wp:featuredmedia":[{"embeddable":true,"href":"https:\/\/www.europesays.com\/fr\/wp-json\/wp\/v2\/media\/323889"}],"wp:attachment":[{"href":"https:\/\/www.europesays.com\/fr\/wp-json\/wp\/v2\/media?parent=323888"}],"wp:term":[{"taxonomy":"category","embeddable":true,"href":"https:\/\/www.europesays.com\/fr\/wp-json\/wp\/v2\/categories?post=323888"},{"taxonomy":"post_tag","embeddable":true,"href":"https:\/\/www.europesays.com\/fr\/wp-json\/wp\/v2\/tags?post=323888"}],"curies":[{"name":"wp","href":"https:\/\/api.w.org\/{rel}","templated":true}]}}