{"id":323890,"date":"2025-08-17T00:56:16","date_gmt":"2025-08-17T00:56:16","guid":{"rendered":"https:\/\/www.europesays.com\/fr\/323890\/"},"modified":"2025-08-17T00:56:16","modified_gmt":"2025-08-17T00:56:16","slug":"trois-defaites-en-trois-matchs-zero-but-marque-a-nice-la-crise-semble-deja-profonde-2","status":"publish","type":"post","link":"https:\/\/www.europesays.com\/fr\/323890\/","title":{"rendered":"trois d\u00e9faites en trois matchs, z\u00e9ro but marqu\u00e9&#8230; \u00e0 Nice, la crise semble d\u00e9j\u00e0 profonde"},"content":{"rendered":"<p class=\"mb-4 text-lg md:leading-8 break-words\">Les ann\u00e9es 1960. Voil\u00e0 jusqu&rsquo;o\u00f9 il faut remonter pour voir <a href=\"https:\/\/rmcsport.bfmtv.com\/football\/ligue-1\/video-nice-0-1-tfc-j1-certains-ont-tres-loin-du-compte-dezingue-haise_VN-202508160276.html\" rel=\"nofollow noopener\" target=\"_blank\" data-ylk=\"slk:l&#039;OGC Nice;elm:context_link;itc:0;sec:content-canvas\" class=\"link \">l&rsquo;OGC Nice<\/a> perdre ses trois premiers matchs de la saison toutes comp\u00e9titions confondues sans inscrire le moindre but. C&rsquo;\u00e9tait lors de l&rsquo;exercice 1965-1966. Et c&rsquo;est dans ce triste travers qu&rsquo;est retomb\u00e9e l&rsquo;\u00e9quipe azur\u00e9enne ce samedi, <a href=\"https:\/\/rmcsport.bfmtv.com\/football\/ligue-1\/direct-nice-toulouse-suivez-le-match-de-la-premiere-journee-de-ligue-1-en-live-commente_LS-202508160159.html\" rel=\"nofollow noopener\" target=\"_blank\" data-ylk=\"slk:en s&#039;inclinant \u00e0 domicile contre Toulouse;elm:context_link;itc:0;sec:content-canvas\" class=\"link \">en s&rsquo;inclinant \u00e0 domicile contre Toulouse<\/a> (1-0) apr\u00e8s sa double d\u00e9faite contre Benfica au troisi\u00e8me tour pr\u00e9liminaire de Ligue des champions.<\/p>\n<p class=\"mb-4 text-lg md:leading-8 break-words\">Apr\u00e8s une premi\u00e8re p\u00e9riode catastrophique qui a pouss\u00e9 <a href=\"https:\/\/rmcsport.bfmtv.com\/football\/ligue-1\/video-nice-mahdi-camara-un-probleme-de-valeur-tacle-haise_VN-202508150381.html\" rel=\"nofollow noopener\" target=\"_blank\" data-ylk=\"slk:Franck Haise;elm:context_link;itc:0;sec:content-canvas\" class=\"link \">Franck Haise<\/a> \u00e0 s&rsquo;agacer dans le vestiaire &#8211; \u00ab\u00a0pour gagner un match, il faut le jouer pleinement. Il ne faut pas faire ce qu\u2019on a fait l\u00e0. C\u2019est insuffisant\u00a0\u00bb, a-t-il l\u00e2ch\u00e9 sur Ligue 1+ en revenant sur la pelouse &#8211; les Ni\u00e7ois ont retrouv\u00e9 un peu d&rsquo;allant. Mais se sont faits pi\u00e9ger en fin de match avec un but de Djibril Sidib\u00e9.<\/p>\n<p class=\"mb-4 text-lg md:leading-8 break-words\">\u00ab\u00a0D\u00e9\u00e7u parce qu&rsquo;on a r\u00e9ussi \u00e0 montrer un autre visage en deuxi\u00e8me p\u00e9riode, qui nous ressemble plus. On a mis plus d&rsquo;intensit\u00e9 et sur la seule occasion qu&rsquo;on subie, on prend ce but et on perd ce match. Il nous a manqu\u00e9 l&rsquo;efficacit\u00e9 dans les deux surfaces. Forc\u00e9ment \u00e7a fait mal, on est d\u00e9go\u00fbt\u00e9s\u00a0\u00bb, a regrett\u00e9 le gardien <a href=\"https:\/\/rmcsport.bfmtv.com\/football\/ligue-1\/video-nice-0-1-tfc-j1-j-aurais-du-faire-mieux-les-regrets-de-diouf-sur-le-but-toulousain_VN-202508160272.html\" rel=\"nofollow noopener\" target=\"_blank\" data-ylk=\"slk:Yehvann Diouf;elm:context_link;itc:0;sec:content-canvas\" class=\"link \">Yehvann Diouf<\/a> au micro du diffuseur. \u00ab\u00a0On voulait montrer qu&rsquo;on \u00e9tait capables de rebondir. Cela ne s&rsquo;est pas pass\u00e9 comme on le voulait m\u00eame s&rsquo;il y a des bonnes choses \u00e0 retenir dans ce match. Mais \u00e0 l&rsquo;arriv\u00e9e, ce qui compte ce sont les points. On va devoir basculer sur le prochain match et faire mieux.\u00a0\u00bb<\/p>\n<p class=\"mb-4 text-lg md:leading-8 break-words\">Franck Haise n&rsquo;avait pas beaucoup de points positifs \u00e0 retenir de sonb c\u00f4t\u00e9: \u00ab\u00a0Le d\u00e9chet technique, je le regrette mais je peux parfois le comprendre. Mais qu&rsquo;il y ait aussi peu de mouvement, d&rsquo;occasions, de courses, de jeu, de disponibilit\u00e9&#8230; non. On doit \u00eatre capables de faire plus et mieux\u00a0\u00bb, a-t-il point\u00e9 sur Ligue 1+.<\/p>\n<p>\u00ab\u00a0Je crois que c&rsquo;est le niveau de l&rsquo;\u00e9quipe actuellement\u00a0\u00bb<\/p>\n<p class=\"mb-4 text-lg md:leading-8 break-words\">Est-ce le contrecoup de <a href=\"https:\/\/fr.news.yahoo.com\/sport\/ligue-champions-faut-%C3%AAtre-lucide-090703191.html\" data-ylk=\"slk:l&#039;\u00e9limination en Ligue des champions;elm:context_link;itc:0;sec:content-canvas;outcm:mb_qualified_link;_E:mb_qualified_link;ct:story;\" class=\"link  yahoo-link\" target=\"_blank\" rel=\"noopener\">l&rsquo;\u00e9limination en Ligue des champions<\/a>? \u00ab\u00a0Je ne crois pas que ce soit \u00e7a\u00a0\u00bb, r\u00e9pond l&rsquo;entra\u00eeneur. \u00ab\u00a0Je crois que c&rsquo;est le niveau de l&rsquo;\u00e9quipe actuellement. Tout simplement. Le niveau de l&rsquo;\u00e9quipe sur le plan technique&#8230; et une \u00e9quipe un peu tendre, \u00e0 qui il manque beaucoup de certitudes parce qu&rsquo;il manque beaucoup de joueurs. Dans ceux qui sont l\u00e0, certains ne sont pas non plus au niveau pour le moment. Il faut que les 15-16-20 joueurs soient parfaitement ensemble. Pour le moment, des joueurs, on n&rsquo;en a pas 20.\u00a0\u00bb<br \/>\u00ab\u00a0Je ne vais pas \u00eatre inquiet d\u00e8s la premi\u00e8re journ\u00e9e. Je ne suis pas s\u00fbr qu&rsquo;on va r\u00e9cup\u00e9rer beaucoup de joueurs sur les deux prochains matchs, ce sera plut\u00f4t apr\u00e8s la tr\u00eave. On doit de toute fa\u00e7on, avec ceux qui sont l\u00e0 et ceux qui pourraient venir, am\u00e9liorer les choses\u00a0\u00bb, conclut le technicien. Il faudra d\u00e9j\u00e0 r\u00e9agir contre Auxerre samedi, une nouvelle fois \u00e0 domicile. Sous peine de perdre en partie le soutien d&rsquo;un public qui aimerait bien comprendre ce qui cloche.<\/p>\n<p class=\"mb-4 text-lg md:leading-8 break-words\"><a href=\"https:\/\/rmcsport.bfmtv.com\/football\/clubs\/ogc-nice\/on-est-degoutes-trois-defaites-en-trois-matchs-zero-but-marque-a-nice-la-crise-semble-deja-profonde_AV-202508160277.html#xtor=AL-68\" rel=\"nofollow noopener\" target=\"_blank\" data-ylk=\"slk:Article original publi\u00e9 sur RMC Sport;elm:context_link;itc:0;sec:content-canvas\" class=\"link \">Article original publi\u00e9 sur RMC Sport<\/a><\/p>\n","protected":false},"excerpt":{"rendered":"Les ann\u00e9es 1960. Voil\u00e0 jusqu&rsquo;o\u00f9 il faut remonter pour voir l&rsquo;OGC Nice perdre ses trois premiers matchs de&hellip;\n","protected":false},"author":2,"featured_media":323891,"comment_status":"","ping_status":"","sticky":false,"template":"","format":"standard","meta":{"footnotes":""},"categories":[2819],"tags":[1111,11,4245,8399,1777,674,1011,27,3308,40192,447,12,2401,882,25,2312,22572],"class_list":{"0":"post-323890","1":"post","2":"type-post","3":"status-publish","4":"format-standard","5":"has-post-thumbnail","7":"category-nice","8":"tag-actu","9":"tag-actualites","10":"tag-auxerre","11":"tag-djibril-sidibe","12":"tag-eu","13":"tag-europe","14":"tag-fr","15":"tag-france","16":"tag-franck-haise","17":"tag-lequipe-2","18":"tag-ligue-des-champions","19":"tag-news","20":"tag-nice","21":"tag-provence-alpes-cote-dazur","22":"tag-republique-francaise","23":"tag-toulouse","24":"tag-yehvann-diouf"},"share_on_mastodon":{"url":"https:\/\/pubeurope.com\/@fr\/115041388632302125","error":""},"_links":{"self":[{"href":"https:\/\/www.europesays.com\/fr\/wp-json\/wp\/v2\/posts\/323890","targetHints":{"allow":["GET"]}}],"collection":[{"href":"https:\/\/www.europesays.com\/fr\/wp-json\/wp\/v2\/posts"}],"about":[{"href":"https:\/\/www.europesays.com\/fr\/wp-json\/wp\/v2\/types\/post"}],"author":[{"embeddable":true,"href":"https:\/\/www.europesays.com\/fr\/wp-json\/wp\/v2\/users\/2"}],"replies":[{"embeddable":true,"href":"https:\/\/www.europesays.com\/fr\/wp-json\/wp\/v2\/comments?post=323890"}],"version-history":[{"count":0,"href":"https:\/\/www.europesays.com\/fr\/wp-json\/wp\/v2\/posts\/323890\/revisions"}],"wp:featuredmedia":[{"embeddable":true,"href":"https:\/\/www.europesays.com\/fr\/wp-json\/wp\/v2\/media\/323891"}],"wp:attachment":[{"href":"https:\/\/www.europesays.com\/fr\/wp-json\/wp\/v2\/media?parent=323890"}],"wp:term":[{"taxonomy":"category","embeddable":true,"href":"https:\/\/www.europesays.com\/fr\/wp-json\/wp\/v2\/categories?post=323890"},{"taxonomy":"post_tag","embeddable":true,"href":"https:\/\/www.europesays.com\/fr\/wp-json\/wp\/v2\/tags?post=323890"}],"curies":[{"name":"wp","href":"https:\/\/api.w.org\/{rel}","templated":true}]}}