{"id":323899,"date":"2025-08-17T01:04:10","date_gmt":"2025-08-17T01:04:10","guid":{"rendered":"https:\/\/www.europesays.com\/fr\/323899\/"},"modified":"2025-08-17T01:04:10","modified_gmt":"2025-08-17T01:04:10","slug":"brest-lille-a-quelle-heure-et-sur-quelle-chaine-tv-suivre-le-match-de-la-premiere-journee-de-ligue-1","status":"publish","type":"post","link":"https:\/\/www.europesays.com\/fr\/323899\/","title":{"rendered":"Brest-Lille\u00a0: \u00e0 quelle heure et sur quelle cha\u00eene TV suivre le match de la premi\u00e8re journ\u00e9e de Ligue\u00a01\u00a0?"},"content":{"rendered":"<p class=\"paragraph text_align_left lp-f-body-02\">C\u2019est la rentr\u00e9e pour le Stade Brestois. Ce dimanche 17 ao\u00fbt, les Ty\u2019Zefs lancent leur saison au stade Francis-Le Bl\u00e9, o\u00f9 ils accueilleront le LOSC \u00e0 partir de 15 heures.<\/p>\n<p class=\"paragraph text_align_left lp-f-body-02\">Neuvi\u00e8mes de <a href=\"https:\/\/www.leparisien.fr\/sports\/football\/ligue-1\/\" target=\"_self\" rel=\"nofollow noopener\">Ligue 1<\/a> la saison pass\u00e9e, les hommes d\u2019\u00c9ric Roy arrivent en confiance apr\u00e8s une pr\u00e9paration estivale convaincante : quatre victoires et un nul, sans la moindre d\u00e9faite. Un bilan qui nourrit l\u2019ambition d\u2019un d\u00e9but de saison r\u00e9ussi.<\/p>\n<p class=\"paragraph text_align_left lp-f-body-02\">En face, les Dogues affichent un parcours plus contrast\u00e9, avec trois victoires pour autant de d\u00e9faites durant l\u2019\u00e9t\u00e9. Cinqui\u00e8mes du dernier championnat, <a href=\"https:\/\/www.leparisien.fr\/sports\/football\/ligue-1\/ce-nest-pas-le-moindre-de-mes-defis-leternel-olivier-giroud-veut-rallumer-la-flamme-avec-lille-12-08-2025-G765FNV7ONBVBBX2BYWPCBGOMQ.php\" target=\"_self\" rel=\"nofollow noopener\">Olivier Giroud<\/a> et ses co\u00e9quipiers s\u2019appr\u00eatent \u00e0 disputer la Ligue Europa 2025-2026.<\/p>\n<p class=\"paragraph text_align_left lp-f-body-02\">Lors de leur dernier face-\u00e0-face, disput\u00e9 le 10 mai dernier, les Brestois avaient fait plier les Lillois avec autorit\u00e9 (2-0).<\/p>\n<p class=\"paragraph text_align_left lp-f-body-02\"><b>Le match entre le Stade Brestois et le LOSC est \u00e0 suivre \u00e0 partir de 15 heures sur Ligue 1<\/b> <b>+.<\/b><\/p>\n","protected":false},"excerpt":{"rendered":"C\u2019est la rentr\u00e9e pour le Stade Brestois. Ce dimanche 17 ao\u00fbt, les Ty\u2019Zefs lancent leur saison au stade&hellip;\n","protected":false},"author":2,"featured_media":323900,"comment_status":"","ping_status":"","sticky":false,"template":"","format":"standard","meta":{"footnotes":""},"categories":[2815],"tags":[1111,11,1777,674,63,1011,27,811,66,1307,12,25,60],"class_list":{"0":"post-323899","1":"post","2":"type-post","3":"status-publish","4":"format-standard","5":"has-post-thumbnail","7":"category-lille","8":"tag-actu","9":"tag-actualites","10":"tag-eu","11":"tag-europe","12":"tag-football","13":"tag-fr","14":"tag-france","15":"tag-hauts-de-france","16":"tag-ligue-1","17":"tag-lille","18":"tag-news","19":"tag-republique-francaise","20":"tag-sports"},"share_on_mastodon":{"url":"https:\/\/pubeurope.com\/@fr\/115041420134769028","error":""},"_links":{"self":[{"href":"https:\/\/www.europesays.com\/fr\/wp-json\/wp\/v2\/posts\/323899","targetHints":{"allow":["GET"]}}],"collection":[{"href":"https:\/\/www.europesays.com\/fr\/wp-json\/wp\/v2\/posts"}],"about":[{"href":"https:\/\/www.europesays.com\/fr\/wp-json\/wp\/v2\/types\/post"}],"author":[{"embeddable":true,"href":"https:\/\/www.europesays.com\/fr\/wp-json\/wp\/v2\/users\/2"}],"replies":[{"embeddable":true,"href":"https:\/\/www.europesays.com\/fr\/wp-json\/wp\/v2\/comments?post=323899"}],"version-history":[{"count":0,"href":"https:\/\/www.europesays.com\/fr\/wp-json\/wp\/v2\/posts\/323899\/revisions"}],"wp:featuredmedia":[{"embeddable":true,"href":"https:\/\/www.europesays.com\/fr\/wp-json\/wp\/v2\/media\/323900"}],"wp:attachment":[{"href":"https:\/\/www.europesays.com\/fr\/wp-json\/wp\/v2\/media?parent=323899"}],"wp:term":[{"taxonomy":"category","embeddable":true,"href":"https:\/\/www.europesays.com\/fr\/wp-json\/wp\/v2\/categories?post=323899"},{"taxonomy":"post_tag","embeddable":true,"href":"https:\/\/www.europesays.com\/fr\/wp-json\/wp\/v2\/tags?post=323899"}],"curies":[{"name":"wp","href":"https:\/\/api.w.org\/{rel}","templated":true}]}}