{"id":323951,"date":"2025-08-17T01:38:12","date_gmt":"2025-08-17T01:38:12","guid":{"rendered":"https:\/\/www.europesays.com\/fr\/323951\/"},"modified":"2025-08-17T01:38:12","modified_gmt":"2025-08-17T01:38:12","slug":"lartiste-derriere-la-pochette-du-dernier-album-de-megadeth-temoigne","status":"publish","type":"post","link":"https:\/\/www.europesays.com\/fr\/323951\/","title":{"rendered":"l\u2019artiste derri\u00e8re la pochette du dernier album de Megadeth t\u00e9moigne"},"content":{"rendered":"<p><strong>La pochette du dernier album de <a href=\"https:\/\/www.metalzone.fr\/megadeth\/\" rel=\"nofollow noopener\" target=\"_blank\">Megadeth<\/a> vient d\u2019\u00eatre d\u00e9voil\u00e9e, et son cr\u00e9ateur, Blake Armstrong, alias Space Boy Comics, a partag\u00e9 son enthousiasme face \u00e0 cette collaboration historique avec le groupe.<\/strong><\/p>\n<p>Megadeth d\u00e9voile l\u2019artwork de son ultime disque<\/p>\n<p>Megadeth a confirm\u00e9 que son prochain disque, attendu d\u00e9but 2026, sera son dernier enregistrement studio, avant une tourn\u00e9e d\u2019adieu mondiale pr\u00e9vue la m\u00eame ann\u00e9e. Cette annonce avait d\u00e9j\u00e0 marqu\u00e9 un tournant majeur dans l\u2019histoire du groupe, comme d\u00e9taill\u00e9 <a href=\"https:\/\/www.metalzone.fr\/news\/219252-megadeth-dernier-album-tournee-adieu-2026\/\" target=\"_blank\" rel=\"noopener nofollow\">dans cet article<\/a>. D\u00e9sormais, c\u2019est la pochette de ce disque qui suscite l\u2019attention, sign\u00e9e par l\u2019artiste visuel Blake Armstrong.<\/p>\n<p>Bas\u00e9 \u00e0 Los Angeles, Armstrong est connu pour son travail dans l\u2019univers de la musique et du cin\u00e9ma. Il a collabor\u00e9 avec <a href=\"https:\/\/www.metalzone.fr\/in-flames\/\" rel=\"nofollow noopener\" target=\"_blank\">In Flames<\/a>, <a href=\"https:\/\/www.metalzone.fr\/slayer\/\" rel=\"nofollow noopener\" target=\"_blank\">Slayer<\/a> ou encore <a href=\"https:\/\/www.metalzone.fr\/starset\/\" rel=\"nofollow noopener\" target=\"_blank\">Starset<\/a>, et particip\u00e9 \u00e0 des projets tels que Stranger Things ou Ready Player One. Pour lui, contribuer \u00e0 ce dernier chapitre de Megadeth est une \u00e9tape marquante : \u201cSi je pouvais dire \u00e0 mon moi de quinze ans que je r\u00e9aliserais un jour la pochette du dernier album de Megadeth, j\u2019aurais litt\u00e9ralement explos\u00e9 de joie. Le processus a \u00e9t\u00e9 un vrai bonheur, avec son lot de panique cr\u00e9ative. Je me sens incroyablement chanceux d\u2019avoir pu travailler avec des artistes qui ont fa\u00e7onn\u00e9 une part aussi immense du genre\u201d, a-t-il d\u00e9clar\u00e9 sur Instagram.<\/p>\n<p>Un adieu plac\u00e9 sous le signe de la c\u00e9l\u00e9bration<\/p>\n<p>Armstrong pr\u00e9cise que l\u2019artwork d\u00e9voil\u00e9 n\u2019est qu\u2019une premi\u00e8re \u00e9tape et promet davantage de contenus visuels li\u00e9s \u00e0 cette sortie. De son c\u00f4t\u00e9, Dave Mustaine insiste sur l\u2019importance de c\u00e9l\u00e9brer la fin de cette aventure plut\u00f4t que de la vivre comme une perte. Dans son communiqu\u00e9, il a rappel\u00e9 que le groupe part sur une note positive : \u201cNe soyez pas en col\u00e8re, ne soyez pas tristes, soyez heureux pour nous tous. Venez c\u00e9l\u00e9brer avec moi ces prochaines ann\u00e9es. Nous avons accompli quelque chose d\u2019unique et qui ne se reproduira probablement jamais\u201d.<\/p>\n<p>Le disque sortira via Tradecraft et le label BLKIIBLK, avec des pr\u00e9commandes disponibles d\u00e8s le 25 septembre. Le premier single para\u00eetra cet automne, marquant le coup d\u2019envoi d\u2019une s\u00e9quence charg\u00e9e pour Megadeth, entre publication de l\u2019album et annonce des premi\u00e8res dates de la tourn\u00e9e mondiale.<\/p>\n<blockquote class=\"instagram-media\" style=\"background: #FFF; border: 0; border-radius: 3px; box-shadow: 0 0 1px 0 rgba(0,0,0,0.5),0 1px 10px 0 rgba(0,0,0,0.15); margin: 1px; max-width: 540px; min-width: 326px; padding: 0; width: calc(100% - 2px);\" data-instgrm-captioned=\"\" data-instgrm-permalink=\"https:\/\/www.instagram.com\/p\/DNV0zD7x3LA\/?utm_source=ig_embed&amp;utm_campaign=loading\" data-instgrm-version=\"14\" data-darkreader-inline-bgimage=\"\" data-darkreader-inline-bgcolor=\"\" data-darkreader-inline-border-top=\"\" data-darkreader-inline-border-right=\"\" data-darkreader-inline-border-bottom=\"\" data-darkreader-inline-border-left=\"\" data-darkreader-inline-boxshadow=\"\"\/><p><script async src=\"\/\/www.instagram.com\/embed.js\"><\/script><\/p>\n","protected":false},"excerpt":{"rendered":"La pochette du dernier album de Megadeth vient d\u2019\u00eatre d\u00e9voil\u00e9e, et son cr\u00e9ateur, Blake Armstrong, alias Space Boy&hellip;\n","protected":false},"author":2,"featured_media":319348,"comment_status":"","ping_status":"","sticky":false,"template":"","format":"standard","meta":{"footnotes":""},"categories":[1355],"tags":[58,59,1011,27,1361,873],"class_list":{"0":"post-323951","1":"post","2":"type-post","3":"status-publish","4":"format-standard","5":"has-post-thumbnail","7":"category-musique","8":"tag-divertissement","9":"tag-entertainment","10":"tag-fr","11":"tag-france","12":"tag-music","13":"tag-musique"},"share_on_mastodon":{"url":"https:\/\/pubeurope.com\/@fr\/115041554175682998","error":""},"_links":{"self":[{"href":"https:\/\/www.europesays.com\/fr\/wp-json\/wp\/v2\/posts\/323951","targetHints":{"allow":["GET"]}}],"collection":[{"href":"https:\/\/www.europesays.com\/fr\/wp-json\/wp\/v2\/posts"}],"about":[{"href":"https:\/\/www.europesays.com\/fr\/wp-json\/wp\/v2\/types\/post"}],"author":[{"embeddable":true,"href":"https:\/\/www.europesays.com\/fr\/wp-json\/wp\/v2\/users\/2"}],"replies":[{"embeddable":true,"href":"https:\/\/www.europesays.com\/fr\/wp-json\/wp\/v2\/comments?post=323951"}],"version-history":[{"count":0,"href":"https:\/\/www.europesays.com\/fr\/wp-json\/wp\/v2\/posts\/323951\/revisions"}],"wp:featuredmedia":[{"embeddable":true,"href":"https:\/\/www.europesays.com\/fr\/wp-json\/wp\/v2\/media\/319348"}],"wp:attachment":[{"href":"https:\/\/www.europesays.com\/fr\/wp-json\/wp\/v2\/media?parent=323951"}],"wp:term":[{"taxonomy":"category","embeddable":true,"href":"https:\/\/www.europesays.com\/fr\/wp-json\/wp\/v2\/categories?post=323951"},{"taxonomy":"post_tag","embeddable":true,"href":"https:\/\/www.europesays.com\/fr\/wp-json\/wp\/v2\/tags?post=323951"}],"curies":[{"name":"wp","href":"https:\/\/api.w.org\/{rel}","templated":true}]}}