{"id":323962,"date":"2025-08-17T01:45:17","date_gmt":"2025-08-17T01:45:17","guid":{"rendered":"https:\/\/www.europesays.com\/fr\/323962\/"},"modified":"2025-08-17T01:45:17","modified_gmt":"2025-08-17T01:45:17","slug":"louragan-erin-passe-en-categorie-maximale-a-lapproche-des-caraibes","status":"publish","type":"post","link":"https:\/\/www.europesays.com\/fr\/323962\/","title":{"rendered":"L&rsquo;ouragan Erin passe en cat\u00e9gorie maximale \u00e0 l&rsquo;approche des Cara\u00efbes"},"content":{"rendered":"<p>L&rsquo;ouragan Erin, qui prend de l&rsquo;ampleur, va continuer de se renforcer alors qu&rsquo;il se dirige vers les Cara\u00efbes, ce samedi 16 ao\u00fbt.<\/p>\n<p><a href=\"https:\/\/www.bfmtv.com\/environnement\/climat\/le-premier-ouragan-de-l-annee-en-atlantique-nord-menace-les-caraibes_AD-202508150471.html\" title=\"Le premier ouragan de l&#039;ann\u00e9e en Atlantique nord menace les Cara\u00efbes\" class=\"internal_link\" rel=\"nofollow noopener\" target=\"_blank\">Erin<\/a> s&rsquo;est renforc\u00e9 samedi en <a href=\"https:\/\/www.bfmtv.com\/international\/amerique-nord\/etats-unis\/vers-une-saison-des-ouragans-particulieremeint-intense-et-destructrice-aux-etats-unis_AD-202505220810.html\" title=\"Vers une saison des ouragans particuli\u00e8remeint intense et destructrice aux \u00c9tats-Unis?\" class=\"internal_link\" rel=\"nofollow noopener\" target=\"_blank\">ouragan<\/a> de cat\u00e9gorie 5, la plus \u00e9lev\u00e9e de l&rsquo;\u00e9chelle de Saffir-Simpson, alors qu&rsquo;il poursuit sa route vers les Cara\u00efbes, mena\u00e7ant de pluies intenses et d&rsquo;inondations plusieurs \u00eeles.<\/p>\n<p>Avec des vents allant d\u00e9sormais jusqu&rsquo;\u00e0 pr\u00e8s de 250km\/h, Erin continue sa progression vers les Petites Antilles, une r\u00e9gion comprenant les \u00celes Vierges am\u00e9ricaines et britanniques, et Porto Rico, rapporte le Centre am\u00e9ricain des ouragans (NHC).<\/p>\n<p>Un \u00ab\u00a0ouragan majeur\u00a0\u00bb<\/p>\n<p>Devenu en d\u00e9but de matin\u00e9e \u00ab\u00a0ouragan majeur\u00a0\u00bb, c&rsquo;est-\u00e0-dire un ouragan de cat\u00e9gorie 3 ou plus, il est rapidement pass\u00e9 en cat\u00e9gorie 4 puis 5. Il devrait ensuite conna\u00eetre des \u00ab\u00a0fluctuations d&rsquo;intensit\u00e9 tout au long du week-end\u00a0\u00bb, avait pr\u00e9venu plus t\u00f4t samedi le NHC.<\/p>\n<p>Le centre d&rsquo;Erin, premier ouragan de la saison dans l&rsquo;Atlantique nord, devrait passer juste au nord des Petites Antilles et de Porto Rico. La temp\u00eate pourrait entra\u00eener jusqu&rsquo;\u00e0 15 centim\u00e8tres de pluie dans certaines zones isol\u00e9es, faisant courir le risque d&rsquo;importantes inondations, de glissements de terrain ou de coul\u00e9es de boue, pr\u00e9viennent les autorit\u00e9s m\u00e9t\u00e9orologiques.<\/p>\n<p>L&rsquo;ouragan devrait ensuite op\u00e9rer un virage vers le nord-ouest et se rapprocher des Bahamas en fin de week-end, d\u00e9but de semaine prochaine. S&rsquo;il devrait rester loin des c\u00f4tes am\u00e9ricaines, il pourrait n\u00e9anmoins entra\u00eener de fortes vagues et une \u00e9rosion c\u00f4ti\u00e8re, notamment en Caroline du Nord. Les houles g\u00e9n\u00e9r\u00e9es par Erin affecteront une partie des \u00eeles du nord des Petites Antilles, des \u00eeles Vierges, de Porto Rico, de l&rsquo;\u00eele d&rsquo;Hispaniola, ainsi que des \u00eeles Turques-et-Ca\u00efques.<\/p>\n<p>En d\u00e9but de semaine aux Bahamas et Bermudes<\/p>\n<p>Elles s&rsquo;\u00e9tendront ensuite en d\u00e9but de semaine prochaine aux Bahamas, aux Bermudes et \u00e0 la c\u00f4te est des Etats-Unis, provoquant des vagues dangereuses et des courants potentiellement mortels, selon le NHC. La saison des ouragans, qui s&rsquo;\u00e9tend de d\u00e9but juin \u00e0 fin novembre, devrait cette ann\u00e9e \u00eatre plus intense que la normale, selon les estimations des autorit\u00e9s m\u00e9t\u00e9orologiques am\u00e9ricaines.<\/p>\n<p>L&rsquo;an pass\u00e9, la r\u00e9gion a \u00e9t\u00e9 marqu\u00e9e par plusieurs temp\u00eates tr\u00e8s puissantes et meurtri\u00e8res, parmi lesquels l&rsquo;ouragan H\u00e9l\u00e8ne qui a fait plus de 200 morts dans le sud-est des Etats-Unis. En r\u00e9chauffant les mers, le changement climatique rend plus probable l&rsquo;intensification rapide des temp\u00eates et augmente le risque de ph\u00e9nom\u00e8nes plus puissants, selon les scientifiques.<\/p>\n","protected":false},"excerpt":{"rendered":"L&rsquo;ouragan Erin, qui prend de l&rsquo;ampleur, va continuer de se renforcer alors qu&rsquo;il se dirige vers les Cara\u00efbes,&hellip;\n","protected":false},"author":2,"featured_media":323963,"comment_status":"","ping_status":"","sticky":false,"template":"","format":"standard","meta":{"footnotes":""},"categories":[5],"tags":[11,1011,27,14,12,28],"class_list":{"0":"post-323962","1":"post","2":"type-post","3":"status-publish","4":"format-standard","5":"has-post-thumbnail","7":"category-international","8":"tag-actualites","9":"tag-fr","10":"tag-france","11":"tag-international","12":"tag-news","13":"tag-world"},"share_on_mastodon":{"url":"https:\/\/pubeurope.com\/@fr\/115041581327706399","error":""},"_links":{"self":[{"href":"https:\/\/www.europesays.com\/fr\/wp-json\/wp\/v2\/posts\/323962","targetHints":{"allow":["GET"]}}],"collection":[{"href":"https:\/\/www.europesays.com\/fr\/wp-json\/wp\/v2\/posts"}],"about":[{"href":"https:\/\/www.europesays.com\/fr\/wp-json\/wp\/v2\/types\/post"}],"author":[{"embeddable":true,"href":"https:\/\/www.europesays.com\/fr\/wp-json\/wp\/v2\/users\/2"}],"replies":[{"embeddable":true,"href":"https:\/\/www.europesays.com\/fr\/wp-json\/wp\/v2\/comments?post=323962"}],"version-history":[{"count":0,"href":"https:\/\/www.europesays.com\/fr\/wp-json\/wp\/v2\/posts\/323962\/revisions"}],"wp:featuredmedia":[{"embeddable":true,"href":"https:\/\/www.europesays.com\/fr\/wp-json\/wp\/v2\/media\/323963"}],"wp:attachment":[{"href":"https:\/\/www.europesays.com\/fr\/wp-json\/wp\/v2\/media?parent=323962"}],"wp:term":[{"taxonomy":"category","embeddable":true,"href":"https:\/\/www.europesays.com\/fr\/wp-json\/wp\/v2\/categories?post=323962"},{"taxonomy":"post_tag","embeddable":true,"href":"https:\/\/www.europesays.com\/fr\/wp-json\/wp\/v2\/tags?post=323962"}],"curies":[{"name":"wp","href":"https:\/\/api.w.org\/{rel}","templated":true}]}}