{"id":323984,"date":"2025-08-17T02:10:10","date_gmt":"2025-08-17T02:10:10","guid":{"rendered":"https:\/\/www.europesays.com\/fr\/323984\/"},"modified":"2025-08-17T02:10:10","modified_gmt":"2025-08-17T02:10:10","slug":"nantes-psg-a-quelle-heure-et-sur-quelle-chaine-tv-suivre-le-match-de-la-premiere-journee-de-ligue-1","status":"publish","type":"post","link":"https:\/\/www.europesays.com\/fr\/323984\/","title":{"rendered":"Nantes-PSG\u00a0: \u00e0 quelle heure et sur quelle cha\u00eene TV suivre le match de la premi\u00e8re journ\u00e9e de Ligue\u00a01\u00a0?"},"content":{"rendered":"<p class=\"paragraph text_align_left lp-f-body-02\">Fra\u00eechement vainqueur de la <a href=\"https:\/\/www.leparisien.fr\/sports\/football\/psg\/psg-tottenham-2-2-4-3-tab-paris-est-magique-et-nous-rend-fou-13-08-2025-NKIGLPTE3VBQTNVJETVOSVUFPU.php\" target=\"_self\" rel=\"nofollow noopener\">Supercoupe d\u2019Europe<\/a> pour la premi\u00e8re fois de son histoire, le <a href=\"https:\/\/www.leparisien.fr\/sports\/football\/psg\/\" target=\"_self\" rel=\"nofollow noopener\">Paris Saint-Germain<\/a> retrouve la <a href=\"https:\/\/www.leparisien.fr\/sports\/football\/ligue-1\/\" target=\"_self\" rel=\"nofollow noopener\">Ligue 1<\/a>. Ce dimanche 17 ao\u00fbt, le champion de France en titre se rendra au Stade de la Beaujoire, o\u00f9 il affrontera le FC Nantes \u00e0 20h45.<\/p>\n<p class=\"paragraph text_align_left lp-f-body-02\">Vainqueurs de la <a href=\"https:\/\/www.leparisien.fr\/sports\/football\/ligue-des-champions\/psg-inter-5-0-paris-tout-puissant-31-05-2025-DNPP4HBOWFG23OPCCCDDHQKRKU.php\" target=\"_self\" rel=\"nofollow noopener\">Ligue des champions<\/a> et finaliste de la <a href=\"https:\/\/www.leparisien.fr\/sports\/football\/coupe-du-monde-des-clubs\/chelsea-psg-3-0-le-feu-dartifice-est-annule-13-07-2025-BFTKWORG65BRRDAYCCLB4PO7PA.php\" target=\"_self\" rel=\"nofollow noopener\">Coupe du monde des clubs<\/a>, les hommes de <a href=\"https:\/\/www.leparisien.fr\/sports\/football\/luis-enrique\/\" target=\"_self\" rel=\"nofollow noopener\">Luis Enrique<\/a> n\u2019ont pas b\u00e9n\u00e9fici\u00e9 d\u2019une pr\u00e9paration compl\u00e8te. Malgr\u00e9 cela, les Parisiens entament une saison plac\u00e9e sous le signe de l\u2019ambition, avec un objectif clair : conqu\u00e9rir un cinqui\u00e8me titre national cons\u00e9cutif, une premi\u00e8re dans l\u2019histoire du club.<\/p>\n<p class=\"paragraph text_align_left lp-f-body-02\">Leur adversaire, le FC Nantes, rescap\u00e9 de justesse de la rel\u00e9gation la saison pass\u00e9e, nourrit d\u2019autres ambitions. Sous la houlette de <a href=\"https:\/\/www.leparisien.fr\/sports\/football\/ligue-1\/ligue-1-le-nouvel-entraineur-nantais-luis-castro-suspendu-pour-la-venue-du-psg-14-08-2025-R5DMTCAV6NBX7BOKMR7LIUURSM.php\" target=\"_self\" rel=\"nofollow noopener\">Luis Castro<\/a>, les Canaris souhaitent faire oublier leur 13e place et viser plus haut. Face \u00e0 <a href=\"https:\/\/www.leparisien.fr\/sports\/football\/ousmane-dembele\/\" target=\"_self\" rel=\"nofollow noopener\">Ousmane Demb\u00e9l\u00e9<\/a> et ses co\u00e9quipiers, la t\u00e2che s\u2019annonce pour autant ardue. Lors de leurs sept derni\u00e8res confrontations, Nantes n\u2019a jamais trouv\u00e9 la victoire (cinq d\u00e9faites, deux nuls).<\/p>\n<p class=\"paragraph text_align_left lp-f-body-02\"><b>Le match entre le FC Nantes et le PSG est \u00e0 suivre \u00e0 partir de 20h45 sur Ligue 1<\/b> <b>+. Exceptionnellement, le match sera disponible gratuitement.<\/b><\/p>\n","protected":false},"excerpt":{"rendered":"Fra\u00eechement vainqueur de la Supercoupe d\u2019Europe pour la premi\u00e8re fois de son histoire, le Paris Saint-Germain retrouve la&hellip;\n","protected":false},"author":2,"featured_media":323985,"comment_status":"","ping_status":"","sticky":false,"template":"","format":"standard","meta":{"footnotes":""},"categories":[2818],"tags":[1111,11,1777,674,63,1011,27,66,766,12,2636,25,60],"class_list":{"0":"post-323984","1":"post","2":"type-post","3":"status-publish","4":"format-standard","5":"has-post-thumbnail","7":"category-nantes","8":"tag-actu","9":"tag-actualites","10":"tag-eu","11":"tag-europe","12":"tag-football","13":"tag-fr","14":"tag-france","15":"tag-ligue-1","16":"tag-nantes","17":"tag-news","18":"tag-pays-de-la-loire","19":"tag-republique-francaise","20":"tag-sports"},"share_on_mastodon":{"url":"https:\/\/pubeurope.com\/@fr\/115041679618957511","error":""},"_links":{"self":[{"href":"https:\/\/www.europesays.com\/fr\/wp-json\/wp\/v2\/posts\/323984","targetHints":{"allow":["GET"]}}],"collection":[{"href":"https:\/\/www.europesays.com\/fr\/wp-json\/wp\/v2\/posts"}],"about":[{"href":"https:\/\/www.europesays.com\/fr\/wp-json\/wp\/v2\/types\/post"}],"author":[{"embeddable":true,"href":"https:\/\/www.europesays.com\/fr\/wp-json\/wp\/v2\/users\/2"}],"replies":[{"embeddable":true,"href":"https:\/\/www.europesays.com\/fr\/wp-json\/wp\/v2\/comments?post=323984"}],"version-history":[{"count":0,"href":"https:\/\/www.europesays.com\/fr\/wp-json\/wp\/v2\/posts\/323984\/revisions"}],"wp:featuredmedia":[{"embeddable":true,"href":"https:\/\/www.europesays.com\/fr\/wp-json\/wp\/v2\/media\/323985"}],"wp:attachment":[{"href":"https:\/\/www.europesays.com\/fr\/wp-json\/wp\/v2\/media?parent=323984"}],"wp:term":[{"taxonomy":"category","embeddable":true,"href":"https:\/\/www.europesays.com\/fr\/wp-json\/wp\/v2\/categories?post=323984"},{"taxonomy":"post_tag","embeddable":true,"href":"https:\/\/www.europesays.com\/fr\/wp-json\/wp\/v2\/tags?post=323984"}],"curies":[{"name":"wp","href":"https:\/\/api.w.org\/{rel}","templated":true}]}}