{"id":323986,"date":"2025-08-17T02:12:15","date_gmt":"2025-08-17T02:12:15","guid":{"rendered":"https:\/\/www.europesays.com\/fr\/323986\/"},"modified":"2025-08-17T02:12:15","modified_gmt":"2025-08-17T02:12:15","slug":"girondins-la-reaction-de-bruno-irles-apres-le-nul-face-a-avranches","status":"publish","type":"post","link":"https:\/\/www.europesays.com\/fr\/323986\/","title":{"rendered":"Girondins : La r\u00e9action de Bruno Irl\u00e8s apr\u00e8s le nul face \u00e0 Avranches"},"content":{"rendered":"<p><img decoding=\"async\" src=\"https:\/\/www.europesays.com\/fr\/wp-content\/uploads\/2025\/08\/671_639cac1e4b1fe83d1c59d056b160bd65.jpg\" alt=\"Girondins : La r\u00e9action de Bruno Irl\u00e8s apr\u00e8s le nul face \u00e0 Avranches\" class=\"img-responsive mt-3\"\/><\/p>\n<p class=\"text-center mb-3\" style=\"font-size: 14px\">\u00a9 Iconsport<\/p>\n<p style=\"text-align: justify;\">L\u2019entra\u00eeneur des Girondins de Bordeaux, Bruno Irl\u00e8s, a livr\u00e9 son analyse apr\u00e8s le match nul (0-0) contre l\u2019US Avranches en National 2. Insatisfait, d\u00e9clare que \u00ab\u00a0Ce n&rsquo;est pas suffisant\u00a0\u00bb, mais salue l\u2019engagement de son groupe.<\/p>\n<p><strong>\u00ab\u00a0J\u2019ai beaucoup aim\u00e9 mes milieux qui se sont montr\u00e9s et qui ont tent\u00e9\u00a0\u00bb<\/strong><\/p>\n<p style=\"text-align: justify;\">Bruno Irl\u00e8s au micro de la <a href=\"https:\/\/www.facebook.com\/foreverlaradio\/videos\/1279379140349362?locale=fr_FR\" target=\"_blank\" rel=\"noopener\">Radio Forever<\/a> : \u00ab\u00a0Bien s\u00fbr j&rsquo;attends mieux. On a une ambition affirm\u00e9e cette saison. Donc, on se doit d&rsquo;aller provoquer encore plus cette chance. On ne l&rsquo;a pas fait suffisamment ce soir. On ne peut pas attendre en se disant que Matthieu Villette va marquer. En deuxi\u00e8me p\u00e9riode on l&rsquo;a mieux fait, m\u00eame s&rsquo;il manquait de la pr\u00e9sence devant le but. Le danger est de se faire punir dans ce genre de rencontre.<\/p>\n<p style=\"text-align: justify;\">J\u2019ai aim\u00e9 la solidarit\u00e9 et l&rsquo;\u00e9coute par rapport \u00e0 ce que j\u2019avais demand\u00e9. On est conscient que ce n&rsquo;est pas suffisant. On lance notre saison en r\u00e9pandant un point. On attend plus la semaine prochaine. Le chantier n&rsquo;est pas seulement offensif. Merci \u00e0 Jan (Hoekstra) qui s&rsquo;impose sur l&rsquo;occasion adverse violente en premi\u00e8re p\u00e9riode.<\/p>\n<p style=\"text-align: justify;\">J\u2019ai beaucoup aim\u00e9 mes milieux qui se sont montr\u00e9s et qui ont tent\u00e9. Je suis content de ce point. On doit mieux jouer nos coups de pied arr\u00eat\u00e9s. On a senti de l&rsquo;appr\u00e9hension sur nos joueurs lors des 10 premi\u00e8res minutes.<\/p>\n<p style=\"text-align: justify;\">Je sais que l&rsquo;effectif n&rsquo;est pas pl\u00e9thorique. J&rsquo;attends de pouvoir faire basculer la rencontre avec le coaching m\u00eame s&rsquo;ils ont r\u00e9pondu dans l&rsquo;envie.<\/p>\n<p style=\"text-align: justify;\">J&rsquo;attends plus de Steve Shamal. Je lui ai dit et je vais lui r\u00e9p\u00e9ter. Il a les qualit\u00e9s pour \u00e7a et doit \u00e9lever son jeu (Il a termin\u00e9 le match avec des crampes).<\/p>\n<p style=\"text-align: justify;\">On ne peut pas dire qu&rsquo;un joueur se soit cach\u00e9. Ils doivent apprendre \u00e0 porter ce maillot. Ils sont les Girondins de Bordeaux.\u00a0\u00bb<\/p>\n<p style=\"text-align: justify;\">Prochain d\u00e9fi pour les Girondins de Bordeaux : rectifier le tir d\u00e8s la prochaine journ\u00e9e pour concr\u00e9tiser leurs ambitions en National 2 avec la r\u00e9ception de l&rsquo;US Granville samedi 23 ao\u00fbt au Stade Atlantique.<\/p>\n<p>\u00c0 Lire &gt;&gt; <strong><a href=\"https:\/\/www.webgirondins.com\/actualite-girondins-n2-les-girondins-tenus-en-echec-par-l-us-avranches-130082\" target=\"_blank\" rel=\"noopener\">N2 : les Girondins tenus en \u00e9chec par l&rsquo;US Avranches<\/a><\/strong><\/p>\n<p>Notre podcast court :<\/p>\n<p>\u00a0<\/p>\n","protected":false},"excerpt":{"rendered":"\u00a9 Iconsport L\u2019entra\u00eeneur des Girondins de Bordeaux, Bruno Irl\u00e8s, a livr\u00e9 son analyse apr\u00e8s le match nul (0-0)&hellip;\n","protected":false},"author":2,"featured_media":323987,"comment_status":"","ping_status":"","sticky":false,"template":"","format":"standard","meta":{"footnotes":""},"categories":[2817],"tags":[1111,11,150,17295,1997,3211,46120,1994,2263,1777,674,22327,2823,1011,27,1987,3212,955,3238,12,2219,14570,378,3210,7914,25,3242],"class_list":{"0":"post-323986","1":"post","2":"type-post","3":"status-publish","4":"format-standard","5":"has-post-thumbnail","7":"category-bordeaux","8":"tag-actu","9":"tag-actualites","10":"tag-apres","11":"tag-avranches","12":"tag-bordeaux","13":"tag-bruno","14":"tag-concede","15":"tag-entraineur","16":"tag-equipe","17":"tag-eu","18":"tag-europe","19":"tag-exige","20":"tag-face","21":"tag-fr","22":"tag-france","23":"tag-girondins","24":"tag-irles","25":"tag-match","26":"tag-national","27":"tag-news","28":"tag-nouvelle-aquitaine","29":"tag-ouverture","30":"tag-plus","31":"tag-reaction","32":"tag-reagit","33":"tag-republique-francaise","34":"tag-saison"},"share_on_mastodon":{"url":"https:\/\/pubeurope.com\/@fr\/115041687679515186","error":""},"_links":{"self":[{"href":"https:\/\/www.europesays.com\/fr\/wp-json\/wp\/v2\/posts\/323986","targetHints":{"allow":["GET"]}}],"collection":[{"href":"https:\/\/www.europesays.com\/fr\/wp-json\/wp\/v2\/posts"}],"about":[{"href":"https:\/\/www.europesays.com\/fr\/wp-json\/wp\/v2\/types\/post"}],"author":[{"embeddable":true,"href":"https:\/\/www.europesays.com\/fr\/wp-json\/wp\/v2\/users\/2"}],"replies":[{"embeddable":true,"href":"https:\/\/www.europesays.com\/fr\/wp-json\/wp\/v2\/comments?post=323986"}],"version-history":[{"count":0,"href":"https:\/\/www.europesays.com\/fr\/wp-json\/wp\/v2\/posts\/323986\/revisions"}],"wp:featuredmedia":[{"embeddable":true,"href":"https:\/\/www.europesays.com\/fr\/wp-json\/wp\/v2\/media\/323987"}],"wp:attachment":[{"href":"https:\/\/www.europesays.com\/fr\/wp-json\/wp\/v2\/media?parent=323986"}],"wp:term":[{"taxonomy":"category","embeddable":true,"href":"https:\/\/www.europesays.com\/fr\/wp-json\/wp\/v2\/categories?post=323986"},{"taxonomy":"post_tag","embeddable":true,"href":"https:\/\/www.europesays.com\/fr\/wp-json\/wp\/v2\/tags?post=323986"}],"curies":[{"name":"wp","href":"https:\/\/api.w.org\/{rel}","templated":true}]}}