{"id":323991,"date":"2025-08-17T02:16:24","date_gmt":"2025-08-17T02:16:24","guid":{"rendered":"https:\/\/www.europesays.com\/fr\/323991\/"},"modified":"2025-08-17T02:16:24","modified_gmt":"2025-08-17T02:16:24","slug":"le-losc-veut-faire-lenorme-coup-benjamin-pavard","status":"publish","type":"post","link":"https:\/\/www.europesays.com\/fr\/323991\/","title":{"rendered":"Le LOSC veut faire l\u2019\u00e9norme coup Benjamin Pavard"},"content":{"rendered":"<p>Cet \u00e9t\u00e9, plusieurs champions du monde 2018 ont fait leur retour en France. Olivier Giroud a pos\u00e9 ses valises au LOSC. Florian Thauvin, lui, s\u2019est install\u00e9 \u00e0 quelques kilom\u00e8tres \u00e0 Lens. De son c\u00f4t\u00e9, Paul Pogba a dit oui \u00e0 l\u2019AS Monaco. De quoi r\u00e9jouir Corentin Tolisso, ravi de croiser la route des co\u00e9quipiers avec lesquels il a remport\u00e9 le Mondial en Russie il y a maintenant sept ans. \u00abLe lien est toujours l\u00e0. On a toujours notre groupe WhatsApp o\u00f9 on \u00e9change. C\u2019est positif pour la <a href=\"https:\/\/www.footmercato.net\/france\/ligue-1\/\" rel=\"nofollow noopener\" target=\"_blank\">Ligue 1<\/a>. De les voir et de jouer contre eux, \u00e7a va me faire plaisir. Je suis heureux qu\u2019ils soient revenus en Ligue 1.\u00bb <\/p>\n<p>            La suite apr\u00e8s cette publicit\u00e9<\/p>\n<p>Il pourra peut-\u00eatre en dire autant de <a href=\"https:\/\/www.footmercato.net\/joueur\/benjamin-pavard\/\" rel=\"nofollow noopener\" target=\"_blank\">Benjamin Pavard<\/a>, qu\u2019il a crois\u00e9 au Bayern Munich. Le Fran\u00e7ais, qui a rejoint l\u2019Inter en 2023, fait parler de lui sur le mercato. Depuis quelques jours maintenant, la presse transalpine explique que la porte est ouverte pour le polyvalent d\u00e9fenseur, capable d\u2019\u00e9voluer dans l\u2019axe comme au poste de lat\u00e9ral droit. La presse italienne a r\u00e9cemment pr\u00e9cis\u00e9 qu\u2019une proposition comprise entre 20 et 25 M\u20ac pourrait convaincre les Lombards, qui ne le retiendront pas \u00e0 ce prix-l\u00e0. La Gazzetta dello Sport assure, de son c\u00f4t\u00e9, que 15 \u00e0 20 M\u20ac seraient suffisants pour le d\u00e9loger. <\/p>\n<p>            La suite apr\u00e8s cette publicit\u00e9<\/p>\n<p>        Le LOSC veut ramener Pavard \u00e0 la maison<\/p>\n<p>D\u2019autant que cela permettra de faire l\u2019\u00e9conomie de son salaire de 5 M\u20ac nets par saison. Pour le remplacer, les Milanais ont d\u2019ailleurs d\u00e9j\u00e0 quelques noms en t\u00eate. En Italie, on parle d\u2019Oumar Solet et de Lo\u00efc Bad\u00e9. Mais avant que cela n\u2019avance, il faudra r\u00e9gler le cas Pavard. Un joueur qui a un temps \u00e9chang\u00e9 avec Neom cet \u00e9t\u00e9 selon nos informations. Mais ses exigences financi\u00e8res ne correspondaient pas \u00e0 ce que voulaient mettre les Saoudiens. Plus r\u00e9cemment, Galatasaray est entr\u00e9 dans la danse comme r\u00e9v\u00e9l\u00e9 par nos soins. Le Fran\u00e7ais est la priorit\u00e9 du champion de S\u00fcper Lig, qui veut un lat\u00e9ral droit polyvalent. <\/p>\n<p>Mais Galatasaray va devoir jouer des coudes puisque le LOSC a point\u00e9 le bout de son nez. D\u2019apr\u00e8s nos informations et celles du m\u00e9dia <a href=\"https:\/\/lepetitlillois.com\/2025\/08\/15\/on-doit-encore-recruter-bruno-genesio-fixe-les-priorites-pour-la-fin-du-mercato-du-losc\/\" rel=\"nofollow noopener\" target=\"_blank\">Le Petit Lillois<\/a>, les Dogues ont fait de Benjamin Pavard leur priorit\u00e9 d\u00e9fensive. Ce dossier est jug\u00e9 difficile par les Lillois, qui aimeraient faire revenir l\u2019ancien de la maison. En effet, il a jou\u00e9 de 2005 \u00e0 2016. Il s\u2019agirait du deuxi\u00e8me champion du monde 2018 recrut\u00e9 cet \u00e9t\u00e9 apr\u00e8s Olivier Giroud si Olivier L\u00e9tang parvenait \u00e0 faire ce coup. En cas d\u2019\u00e9chec, le plan B se nomme Diego Carlos (Fenerbah\u00e7e). Ce dernier est d\u2019ailleurs pratiquement d\u2019accord avec le LOSC. La balle est dans le camp de Pavard. <\/p>\n<p>\n    Pub. le 15\/08\/2025 14:50<br \/>\n            &#8211; MAJ le 16\/08\/2025 15:26\n    <\/p>\n","protected":false},"excerpt":{"rendered":"Cet \u00e9t\u00e9, plusieurs champions du monde 2018 ont fait leur retour en France. Olivier Giroud a pos\u00e9 ses&hellip;\n","protected":false},"author":2,"featured_media":323992,"comment_status":"","ping_status":"","sticky":false,"template":"","format":"standard","meta":{"footnotes":""},"categories":[2815],"tags":[1111,11,1777,674,1011,27,811,1307,12,25],"class_list":{"0":"post-323991","1":"post","2":"type-post","3":"status-publish","4":"format-standard","5":"has-post-thumbnail","7":"category-lille","8":"tag-actu","9":"tag-actualites","10":"tag-eu","11":"tag-europe","12":"tag-fr","13":"tag-france","14":"tag-hauts-de-france","15":"tag-lille","16":"tag-news","17":"tag-republique-francaise"},"share_on_mastodon":{"url":"https:\/\/pubeurope.com\/@fr\/115041703213145139","error":""},"_links":{"self":[{"href":"https:\/\/www.europesays.com\/fr\/wp-json\/wp\/v2\/posts\/323991","targetHints":{"allow":["GET"]}}],"collection":[{"href":"https:\/\/www.europesays.com\/fr\/wp-json\/wp\/v2\/posts"}],"about":[{"href":"https:\/\/www.europesays.com\/fr\/wp-json\/wp\/v2\/types\/post"}],"author":[{"embeddable":true,"href":"https:\/\/www.europesays.com\/fr\/wp-json\/wp\/v2\/users\/2"}],"replies":[{"embeddable":true,"href":"https:\/\/www.europesays.com\/fr\/wp-json\/wp\/v2\/comments?post=323991"}],"version-history":[{"count":0,"href":"https:\/\/www.europesays.com\/fr\/wp-json\/wp\/v2\/posts\/323991\/revisions"}],"wp:featuredmedia":[{"embeddable":true,"href":"https:\/\/www.europesays.com\/fr\/wp-json\/wp\/v2\/media\/323992"}],"wp:attachment":[{"href":"https:\/\/www.europesays.com\/fr\/wp-json\/wp\/v2\/media?parent=323991"}],"wp:term":[{"taxonomy":"category","embeddable":true,"href":"https:\/\/www.europesays.com\/fr\/wp-json\/wp\/v2\/categories?post=323991"},{"taxonomy":"post_tag","embeddable":true,"href":"https:\/\/www.europesays.com\/fr\/wp-json\/wp\/v2\/tags?post=323991"}],"curies":[{"name":"wp","href":"https:\/\/api.w.org\/{rel}","templated":true}]}}