{"id":323995,"date":"2025-08-17T02:19:16","date_gmt":"2025-08-17T02:19:16","guid":{"rendered":"https:\/\/www.europesays.com\/fr\/323995\/"},"modified":"2025-08-17T02:19:16","modified_gmt":"2025-08-17T02:19:16","slug":"lyon-michel-dulac-ex-conseiller-regional-rn-agresse-en-pleine-rue-dans-le-6e-arrondissement","status":"publish","type":"post","link":"https:\/\/www.europesays.com\/fr\/323995\/","title":{"rendered":"Lyon. Michel Dulac, ex-conseiller r\u00e9gional RN, agress\u00e9 en pleine rue dans le 6e\u00a0arrondissement"},"content":{"rendered":"<p>Vers 12\u00a0heures ce jeudi 14\u00a0ao\u00fbt, \u00e0 hauteur du 54, avenue de Saxe \u00e0 Lyon, l\u2019ancien conseiller r\u00e9gional (RN) Michel Dulac a \u00e9t\u00e9 victime d\u2019une agression au cours de laquelle sa cha\u00eene en or lui a \u00e9t\u00e9 arrach\u00e9e par deux individus. Il se trouvait alors devant la permanence du mouvement politique Spartacus, dont il est le pr\u00e9sident.<\/p>\n<p>Michel Dulac, c\u00e9l\u00e8bre fleuriste lyonnais de 82 ans, fut conseiller r\u00e9gional RN de 2016 \u00e0 2021 et pr\u00e9pare d\u00e9sormais le retour de Spartacus <a href=\"https:\/\/www.leprogres.fr\/politique\/2025\/07\/19\/municipales-2026-michel-dulac-de-retour-dans-l-arene-avec-spartacus\" target=\"_blank\" rel=\"noopener\">pour les municipales et m\u00e9tropolitaines de 2026<\/a>.<\/p>\n<p>  \u00ab\u00a0Les commer\u00e7ants sont venus m\u2019aider\u00a0\u00bb<\/p>\n<p>Apr\u00e8s l\u2019agression, il est mont\u00e9 \u00e0 bord d\u2019une voiture de police dans le but d\u2019essayer de retrouver l\u2019auteur des faits. D\u2019apr\u00e8s les informations du Progr\u00e8s d\u2019une source proche du dossier, la cha\u00eene en or a \u00e9t\u00e9 retrouv\u00e9e par les effectifs de police de la BAC rapidement sur place. Les auteurs des faits sont n\u00e9anmoins parvenus \u00e0 prendre la fuite et n\u2019ont pas \u00e9t\u00e9 retrouv\u00e9s.<\/p>\n<p>Contact\u00e9 par Le Progr\u00e8s, Michel Dulac a r\u00e9agi\u00a0: \u00ab\u00a0Nous \u00e9tions une quinzaine dans notre local. Je suis sorti prendre un document dans ma voiture quand un homme est arriv\u00e9 et m\u2019a attrap\u00e9 par le cou. Ensuite, nous nous sommes retrouv\u00e9s au sol et il a essay\u00e9 de me prendre mon t\u00e9l\u00e9phone, mais finalement il m\u2019a arrach\u00e9 ma cha\u00eene, puis a pris la fuite avec un autre individu. Par chance, les commer\u00e7ants sont venus m\u2019aider, puis la police est arriv\u00e9e. Je suis soulag\u00e9 que la police ait pu r\u00e9cup\u00e9rer mon bien.\u00a0\u00bb<\/p>\n","protected":false},"excerpt":{"rendered":"Vers 12\u00a0heures ce jeudi 14\u00a0ao\u00fbt, \u00e0 hauteur du 54, avenue de Saxe \u00e0 Lyon, l\u2019ancien conseiller r\u00e9gional (RN)&hellip;\n","protected":false},"author":2,"featured_media":323996,"comment_status":"","ping_status":"","sticky":false,"template":"","format":"standard","meta":{"footnotes":""},"categories":[1889],"tags":[1111,11,2430,271,272,2757,36284,4188,1777,674,274,107,1011,27,2428,2756,12,1078,25,2429],"class_list":{"0":"post-323995","1":"post","2":"type-post","3":"status-publish","4":"format-standard","5":"has-post-thumbnail","7":"category-lyon","8":"tag-actu","9":"tag-actualites","10":"tag-auvergne-rhone-alpes","11":"tag-crime","12":"tag-delit-et-contravention","13":"tag-edition-lyon-villeurbanne","14":"tag-elections-metropolitaines","15":"tag-elections-municipales","16":"tag-eu","17":"tag-europe","18":"tag-faits-divers-justice","19":"tag-fil-info","20":"tag-fr","21":"tag-france","22":"tag-lyon","23":"tag-lyon-bassin","24":"tag-news","25":"tag-rassemblement-national","26":"tag-republique-francaise","27":"tag-rhone"},"share_on_mastodon":{"url":"https:\/\/pubeurope.com\/@fr\/115041715048029065","error":""},"_links":{"self":[{"href":"https:\/\/www.europesays.com\/fr\/wp-json\/wp\/v2\/posts\/323995","targetHints":{"allow":["GET"]}}],"collection":[{"href":"https:\/\/www.europesays.com\/fr\/wp-json\/wp\/v2\/posts"}],"about":[{"href":"https:\/\/www.europesays.com\/fr\/wp-json\/wp\/v2\/types\/post"}],"author":[{"embeddable":true,"href":"https:\/\/www.europesays.com\/fr\/wp-json\/wp\/v2\/users\/2"}],"replies":[{"embeddable":true,"href":"https:\/\/www.europesays.com\/fr\/wp-json\/wp\/v2\/comments?post=323995"}],"version-history":[{"count":0,"href":"https:\/\/www.europesays.com\/fr\/wp-json\/wp\/v2\/posts\/323995\/revisions"}],"wp:featuredmedia":[{"embeddable":true,"href":"https:\/\/www.europesays.com\/fr\/wp-json\/wp\/v2\/media\/323996"}],"wp:attachment":[{"href":"https:\/\/www.europesays.com\/fr\/wp-json\/wp\/v2\/media?parent=323995"}],"wp:term":[{"taxonomy":"category","embeddable":true,"href":"https:\/\/www.europesays.com\/fr\/wp-json\/wp\/v2\/categories?post=323995"},{"taxonomy":"post_tag","embeddable":true,"href":"https:\/\/www.europesays.com\/fr\/wp-json\/wp\/v2\/tags?post=323995"}],"curies":[{"name":"wp","href":"https:\/\/api.w.org\/{rel}","templated":true}]}}