{"id":323999,"date":"2025-08-17T02:23:13","date_gmt":"2025-08-17T02:23:13","guid":{"rendered":"https:\/\/www.europesays.com\/fr\/323999\/"},"modified":"2025-08-17T02:23:13","modified_gmt":"2025-08-17T02:23:13","slug":"six-personnes-dont-un-enfant-sauvees-de-la-noyade","status":"publish","type":"post","link":"https:\/\/www.europesays.com\/fr\/323999\/","title":{"rendered":"six personnes dont un enfant sauv\u00e9es de la noyade"},"content":{"rendered":"<p class=\"article__intro\">Six personnes, dont un enfant de cinq ans, ont \u00e9chapp\u00e9 \u00e0 la noyade vendredi 15 ao\u00fbt 2025 en fin d&rsquo;apr\u00e8s-midi, \u00e0 \u00c9quihen-Plage (Pas-de-Calais). Les ma\u00eetres-nageurs sauveteurs de la SNSM ont \u00e9t\u00e9 mobilis\u00e9s. R\u00e9cit du sauvetage.<\/p>\n<p>\n      L\u2019actu des r\u00e9gions\n    <\/p>\n<p>\n      Chaque jour, un tour d\u2019horizon des principales infos de toutes les r\u00e9gions.\n    <\/p>\n<p>    France T\u00e9l\u00e9visions utilise votre adresse e-mail afin de vous envoyer la newsletter \u00ab\u00a0L\u2019actu des r\u00e9gions\u00a0\u00bb. Vous pouvez vous d\u00e9sinscrire \u00e0 tout moment via le lien en bas de cette newsletter. <a target=\"_blank\" href=\"https:\/\/www.francetelevisions.fr\/groupe\/confidentialite\/politique-de-confidentialite\/politique-de-confidentialite-de-france-televisions-6503\" rel=\"nofollow noopener\">Notre politique de confidentialit\u00e9<\/a><\/p>\n<p>Les ma\u00eetres-nageurs sauveteurs de la SNSM du poste de secours d&rsquo;\u00c9quihen-Plage (Pas-de-Calais) ont r\u00e9alis\u00e9 une de leur plus grosse op\u00e9ration de l&rsquo;\u00e9t\u00e9.<\/p>\n<p>Six personnes, dont un enfant, ont \u00e9t\u00e9 sauv\u00e9es de la noyade vendredi 15 ao\u00fbt 2025 dans l&rsquo;apr\u00e8s-midi. Toutes \u00e9taient saines et sauves. Elles ont \u00e9t\u00e9 prises en charge \u00e0 temps.<\/p>\n<\/p>\n<p>Vers 18 h 30, quatre personnes ont \u00e9t\u00e9 observ\u00e9es en difficult\u00e9. Pour les secourir, trois autres nageurs se sont jet\u00e9s \u00e0 l&rsquo;eau.<\/p>\n<p>Tous se sont retrouv\u00e9s pi\u00e9g\u00e9s par un trou d&rsquo;eau, aussi connu sous le nom de ba\u00efnes dans le sud-ouest de la France. Elles sont responsables de beaucoup d&rsquo;accidents sur les plages durant l&rsquo;\u00e9t\u00e9.\u00a0<\/p>\n<p>\u00ab\u00a0Les nageurs peuvent se retrouver emport\u00e9s par de forts courants marins\u00a0\u00bb<\/p>\n<p>Vendredi 15 ao\u00fbt 2025, en fin de journ\u00e9e, il fallait particuli\u00e8rement se m\u00e9fier de la mer. \u00ab\u00a0C&rsquo;\u00e9tait la troisi\u00e8me heure de mar\u00e9e descendante, l&rsquo;un des moments les plus dangereux du jour\u00a0\u00bb, indique Lucie Gambart, sauveteuse de la SNSM sur la plage d&rsquo;\u00c9quihen.<\/p>\n<p><strong>Lire aussi :\u00a0<\/strong><a href=\"https:\/\/france3-regions.franceinfo.fr\/hauts-de-france\/pas-calais\/noyade-en-mer-comprendre-les-baches-d-eau-pour-prevenir-les-risques-3019625.html\" target=\"_blank\" rel=\"noopener nofollow\">Noyade en mer : comprendre les b\u00e2ches d&rsquo;eau pour pr\u00e9venir les risques<\/a><\/p>\n<p>Dans l&rsquo;eau \u00e0 21 degr\u00e9s, d&rsquo;\u00e9normes trous se sont form\u00e9s. Ces formations g\u00e9ologiques \u00e0 l&rsquo;apparence de crevasses plus ou moins grandes peuvent pi\u00e9ger les baigneurs.<\/p>\n<blockquote class=\"ftvi_content_quote\">\n<p class=\"ftvi_citation_quote\">C&rsquo;\u00e9tait l&rsquo;un des moments les plus dangereux du jour.<\/p>\n<p>Lucie Gambart, sauveteuse de la SNSM sur la plage d&rsquo;\u00c9quihen<\/p>\n<\/blockquote>\n<p>En ce mois d&rsquo;ao\u00fbt, c&rsquo;est ce qui s&rsquo;est pass\u00e9 pour les six personnes qui ont heureusement \u00e9taient sauv\u00e9es de la noyade. Ces trous, aussi appel\u00e9es \u00ab\u00a0b\u00e2ches d&rsquo;eau\u00a0\u00bb, ne sont pas pr\u00e9sentes partout sur la C\u00f4te d&rsquo;Opale et n&rsquo;ont pas de lieux fixes. Leurs tailles varient tous les ans. \u00ab\u00a0En g\u00e9n\u00e9ral, elles font au moins 20 m\u00e8tres de largeur pour deux m\u00e8tres de profondeur\u00a0\u00bb, explique Lucie Gambart.<\/p>\n<p>\n<a data-article-figure=\"\" href=\"https:\/\/france3-regions.franceinfo.fr\/image\/yv_qMtnmsMbRmgItYMZhLjm-P8w\/800x450\/regions\/2025\/08\/16\/maree-descendante-1-66c37756acbf5173463272-68a0aead897eb174291541.jpeg\" data-pswp-width=\"800\" data-pswp-height=\"450\" target=\"_blank\" rel=\"nofollow noopener\"><\/p>\n<p>          <img width=\"600\" height=\"400\" class=\"article-image lazy\" data-src=\"https:\/\/www.europesays.com\/fr\/wp-content\/uploads\/2025\/08\/maree-descendante-1-66c37756acbf5173463272-68a0aead897eb174291541.jpeg\" alt=\"Que la mar\u00e9e soit montante ou descendante, les b\u00e2ches repr\u00e9sentent un danger pour les nageurs.\" fetchpriority=\"high\" as=\"image\"\/><\/p>\n<p>\n            Que la mar\u00e9e soit montante ou descendante, les b\u00e2ches repr\u00e9sentent un danger pour les nageurs.<br \/>\n                           \u2022<br \/>\n                                      \u00a9 Cl\u00e9mence Blanche \/ FTV\n                      <\/p>\n<p><\/a><\/p>\n<p>Dans le secteur d&rsquo;\u00c9quihen-Plage, ces \u00ab\u00a0b\u00e2ches d&rsquo;eau\u00a0\u00bb sont assez fr\u00e9quentes. \u00ab\u00a0Plus les coefficients de mar\u00e9es sont \u00e9lev\u00e9s, plus ces formations g\u00e9ologiques vont avoir tendance \u00e0 faire d\u00e9river les baigneurs vers le large, raconte la sauveteuse. Les nageurs peuvent se retrouver emport\u00e9s par de forts courants marins.\u00a0\u00bb<\/p>\n<p>Vers 18 h 30, lorsque l&rsquo;incident a \u00e9t\u00e9 observ\u00e9, l&rsquo;ensemble des surveillants de baignade de la plage d&rsquo;\u00c9quihen \u00e9taient \u00e0 leurs postes. Ils ont pu rapidement intervenir. Pour la sauveteuse, l&rsquo;adr\u00e9naline est vite mont\u00e9e. \u00ab\u00a0C&rsquo;est assez effrayant d&rsquo;avoir autant de personnes en danger au m\u00eame moment\u00a0\u00bb, confie-t-elle.<\/p>\n<p>\n<a data-article-figure=\"\" href=\"https:\/\/france3-regions.franceinfo.fr\/image\/xAAs7v90B3IV60dvz7LADbp3y60\/2048x1153\/regions\/2020\/06\/09\/5edf915d2520f_48528887561_bb38c7b454_k_1-4409927.jpg\" data-pswp-width=\"2048\" data-pswp-height=\"1153\" target=\"_blank\" rel=\"nofollow noopener\"><\/p>\n<p>          <img width=\"600\" height=\"400\" class=\"article-image lazy\" data-src=\"https:\/\/www.europesays.com\/fr\/wp-content\/uploads\/2025\/08\/5edf915d2520f_48528887561_bb38c7b454_k_1-4409927.jpg\" alt=\"La mer \u00e0 \u00c9quihen-Plage (Pas-de-Calais).\" fetchpriority=\"high\" as=\"image\"\/><\/p>\n<p>\n            La mer \u00e0 \u00c9quihen-Plage (Pas-de-Calais).<br \/>\n                           \u2022<br \/>\n                                      \u00a9 Vincent Brassinne\n                      <\/p>\n<p><\/a><\/p>\n<p>Initialement, quatre personnes se sont retrouv\u00e9es pi\u00e9g\u00e9es \u00e0 proximit\u00e9 d&rsquo;un trou d&rsquo;eau. Trois autres les ont rejointes pour essayer de les sauver. L&rsquo;une d&rsquo;entre elle a \u00e9t\u00e9 ramen\u00e9e sur la plage par Lucie, la sauveteuse. Rapidement, des renforts suppl\u00e9mentaires sont intervenus.\u00a0<\/p>\n<blockquote class=\"ftvi_content_quote\">\n<p class=\"ftvi_citation_quote\">Les gens ont paniqu\u00e9.<\/p>\n<p>Lucie Gambart, sauveteuse de la SNSM sur la plage d&rsquo;\u00c9quihen<\/p>\n<\/blockquote>\n<p>Les baigneurs rest\u00e9s dans l&rsquo;eau ont subi ce qu&rsquo;on appelle un \u00ab\u00a0aquastress\u00a0\u00bb. Il s&rsquo;agit d&rsquo;une noyade par obstruction des voies a\u00e9riennes due \u00e0 un corps \u00e9tranger, qui en l&rsquo;occurrence est l&rsquo;eau. \u00ab\u00a0Dans le cas du sauvetage du 15 ao\u00fbt, les gens ont paniqu\u00e9. Ils n&rsquo;ont pas r\u00e9ussi pas \u00e0 regagner leurs serviettes\u00a0\u00bb, ajoute Lucie Gambart.<\/p>\n<p>Une fois l&rsquo;alerte donn\u00e9e, l&rsquo;intervention des sauveteurs aura dur\u00e9 une dizaine de minutes. Tout le monde a \u00e9t\u00e9 ramen\u00e9 au poste de secours sain et sauf.<\/p>\n<p>\n<a data-article-figure=\"\" href=\"https:\/\/france3-regions.franceinfo.fr\/image\/kCXc5_pVf-rwhqlAwVdQVDNhqdk\/1440x810\/regions\/2020\/06\/09\/5edf360d63470_image2_1-3176773.jpg\" data-pswp-width=\"1440\" data-pswp-height=\"810\" target=\"_blank\" rel=\"nofollow noopener\"><\/p>\n<p>          <img width=\"600\" height=\"400\" class=\"article-image lazy\" data-src=\"https:\/\/www.europesays.com\/fr\/wp-content\/uploads\/2025\/08\/5edf360d63470_image2_1-3176773.jpg\" alt=\"Les six personnes sauv\u00e9es de la noyade ont \u00e9t\u00e9 ramen\u00e9es sur cette plage du Pas-de-Calais.\" fetchpriority=\"high\" as=\"image\"\/><\/p>\n<p>\n            Les six personnes sauv\u00e9es de la noyade ont \u00e9t\u00e9 ramen\u00e9es sur cette plage du Pas-de-Calais.<br \/>\n                           \u2022<br \/>\n                                      \u00a9 Asso Nature Libre\n                      <\/p>\n<p><\/a><\/p>\n<p>Sur terre, un contr\u00f4le de l&rsquo;\u00e9tat de sant\u00e9 des personnes sauv\u00e9es a \u00e9t\u00e9 r\u00e9alis\u00e9. Quatre sapeurs-pompiers sont \u00e9galement intervenus. Un infirmier \u00e9tait pr\u00e9sent afin de promulguer d&rsquo;\u00e9ventuels soins. Pendant ce temps, la mer s&rsquo;est peu \u00e0 peu vid\u00e9e de ses baigneurs. \u00ab\u00a0Ils ont \u00e9t\u00e9 choqu\u00e9s\u00a0\u00bb, relate Lucie Gambart.\u00a0<\/p>\n<p>Apr\u00e8s ce sauvetage pour le moins impressionnant, la sauveteuse d&rsquo;\u00c9quihen-Plage invite les nageurs \u00e0 bien se renseigner sur les horaires ou coefficients de mar\u00e9es avant de se mettre \u00e0 l&rsquo;eau. De plus, Lucie Gambart insiste sur la n\u00e9cessit\u00e9 de se m\u00e9fier des \u00ab\u00a0b\u00e2ches d&rsquo;eau\u00a0\u00bb, un des premiers risques de noyades selon elle.\u00a0<\/p>\n","protected":false},"excerpt":{"rendered":"Six personnes, dont un enfant de cinq ans, ont \u00e9chapp\u00e9 \u00e0 la noyade vendredi 15 ao\u00fbt 2025 en&hellip;\n","protected":false},"author":2,"featured_media":324000,"comment_status":"","ping_status":"","sticky":false,"template":"","format":"standard","meta":{"footnotes":""},"categories":[1888],"tags":[1111,1928,11,1927,1777,674,1011,27,12,1926,626,1925,25],"class_list":{"0":"post-323999","1":"post","2":"type-post","3":"status-publish","4":"format-standard","5":"has-post-thumbnail","7":"category-paris","8":"tag-actu","9":"tag-actu-paris","10":"tag-actualites","11":"tag-actualites-paris","12":"tag-eu","13":"tag-europe","14":"tag-fr","15":"tag-france","16":"tag-news","17":"tag-news-paris","18":"tag-paris","19":"tag-paris-news","20":"tag-republique-francaise"},"share_on_mastodon":{"url":"https:\/\/pubeurope.com\/@fr\/115041730803542376","error":""},"_links":{"self":[{"href":"https:\/\/www.europesays.com\/fr\/wp-json\/wp\/v2\/posts\/323999","targetHints":{"allow":["GET"]}}],"collection":[{"href":"https:\/\/www.europesays.com\/fr\/wp-json\/wp\/v2\/posts"}],"about":[{"href":"https:\/\/www.europesays.com\/fr\/wp-json\/wp\/v2\/types\/post"}],"author":[{"embeddable":true,"href":"https:\/\/www.europesays.com\/fr\/wp-json\/wp\/v2\/users\/2"}],"replies":[{"embeddable":true,"href":"https:\/\/www.europesays.com\/fr\/wp-json\/wp\/v2\/comments?post=323999"}],"version-history":[{"count":0,"href":"https:\/\/www.europesays.com\/fr\/wp-json\/wp\/v2\/posts\/323999\/revisions"}],"wp:featuredmedia":[{"embeddable":true,"href":"https:\/\/www.europesays.com\/fr\/wp-json\/wp\/v2\/media\/324000"}],"wp:attachment":[{"href":"https:\/\/www.europesays.com\/fr\/wp-json\/wp\/v2\/media?parent=323999"}],"wp:term":[{"taxonomy":"category","embeddable":true,"href":"https:\/\/www.europesays.com\/fr\/wp-json\/wp\/v2\/categories?post=323999"},{"taxonomy":"post_tag","embeddable":true,"href":"https:\/\/www.europesays.com\/fr\/wp-json\/wp\/v2\/tags?post=323999"}],"curies":[{"name":"wp","href":"https:\/\/api.w.org\/{rel}","templated":true}]}}