{"id":324025,"date":"2025-08-17T02:37:10","date_gmt":"2025-08-17T02:37:10","guid":{"rendered":"https:\/\/www.europesays.com\/fr\/324025\/"},"modified":"2025-08-17T02:37:10","modified_gmt":"2025-08-17T02:37:10","slug":"robert-macintyre-tient-tete-a-scottie-scheffler-et-reste-leader-du-bmw-championship-a-baltimore-lequipe","status":"publish","type":"post","link":"https:\/\/www.europesays.com\/fr\/324025\/","title":{"rendered":"Robert MacIntyre tient t\u00eate \u00e0 Scottie Scheffler et reste leader du BMW Championship \u00e0 Baltimore &#8211; L&#039;\u00c9quipe"},"content":{"rendered":"<ol>\n<li><a href=\"https:\/\/news.google.com\/rss\/articles\/CBMi2gFBVV95cUxONEhuNVd0c2hZaG9ySXZOc2U2ZjlGaGlNd2xBRWZGUTM2U2ktQTluT3J1TGE4TENiU0JOTHh4ZlpQamRlOE51U2NNbGFjNmppLWNyeFZycU9QLXhCSndkeTF6RUplb1U3cUM4eFd2blQ5UkpsVGJZQi1MVWQwRDBQU2NMNzFsSHV3VnlrRVFxUmNZcFM3WDFZaTlTaUpxa0dVUG1QbGpVSzhDVklaVk0yaGZ4djh6TVZHb0w3aEVlV013QzBmWUV2NWcycFlmdmdUVV9RUHlkTFhCQQ?oc=5\" target=\"_blank\" rel=\"nofollow noopener\">Robert MacIntyre tient t\u00eate \u00e0 Scottie Scheffler et reste leader du BMW Championship \u00e0 Baltimore<\/a>&nbsp;&nbsp;L&rsquo;\u00c9quipe<\/li>\n<li><a href=\"https:\/\/news.google.com\/rss\/articles\/CBMiiAJBVV95cUxPUW9tdFFYRXpzbUtETlNweHZWN01NclQ3MTRSbnExWmhIUm13Q3o1OXhubDV3cF9sNVlEMVhLYmVnSk5LRWNJa2NGWnNXUURRZ1VNeUMyaURCQzZfamZEd1p3WWNnblJVaUJubVpCNHNMWUNqU1MxTTBGY3NBQUVhOENRT3ZkTlJWaUhBWFZrTzg1SmlURnp3WmhRVTVLQjZuLUxvbEJ6SmFiTnFnSVAyWkVTa3FXLTI1MDBuQ3BFSkFJekNub3JCMEhjYmZKWG1FeWJXYTh4REpEQVQyaWZMQWRYT2JzQ2JLM3lVT0hTN2plaEI1clZnUmlXVFZ0S0VWN1RxSUpUS3o?oc=5\" target=\"_blank\" rel=\"nofollow noopener\">Golf. Play-Off Fedex Cup: Robert MacIntyre confirme sa mainmise, Scottie Scheffler \u00e0 cinq coups<\/a>&nbsp;&nbsp;Ouest-France<\/li>\n<li><a href=\"https:\/\/news.google.com\/rss\/articles\/CBMiygFBVV95cUxNYl8yYjBCb1BBVms5SGZ2X1FIeUFfZE9sakhtUDRnSTcxaGlKb2h5NnRBUFQ4Q1pUNDU5TjllMmtSU19EczhPZHJUYnN4eG5sRVRvYXFkWTNEaW1mUDJJWVFDRF9zSDdCa2pZSUpER0Zvd2ZmaFVNR0htSEV3bVVrU2NHN3BIcldyWFZxaHUxTGs3Qkgzd3JrUHZUSXNsSkgtRHdxdFdHS3JnZEhvdlNCX3RNWGRZZEdVX3A4ODhET2cwMXZCS1hOSUV3?oc=5\" target=\"_blank\" rel=\"nofollow noopener\">Robert MacIntyre en t\u00eate du BMW Championship devant Scottie Scheffler, Rory McIlroy aux portes du top 10<\/a>&nbsp;&nbsp;L&rsquo;\u00c9quipe<\/li>\n<li><a href=\"https:\/\/news.google.com\/rss\/articles\/CBMigwFBVV95cUxQdFF4MEIwWFRNelRDVFNRMFlQazVVNnE4UHRoVi1SNFdQVU1rdGw0c0M5YzVoanFNTlBtZTdiWkwwMTFjZXJQQVRTRUNqYnRNZkhZZ1pGb2dKV1FNUjdnb0duOTM2V0lWc2g2Y1JhOWdNMkNLckRKU2trcURrTDlmM0ZMRQ?oc=5\" target=\"_blank\" rel=\"nofollow noopener\">PGA : Robert MacIntyre garde le rythme en 2e ronde<\/a>&nbsp;&nbsp;RDS<\/li>\n<li><a href=\"https:\/\/news.google.com\/rss\/articles\/CBMiswFBVV95cUxQVUt4Q1dJMzg5QXVYT2h5c19hb2J3aS14alN6SWFzalNyWDRZRkRSQkl5bllQMTdoT051UVMyLTVKQWsyclNtaU9FdGpBdVN5NlJEazBGUFhwcldaQVNWYXRaM09vOWJrSVdoSDZ5MktKMEVqS1R0ZWFDQk41RTdtVjh1U3hvMGtnMjVGeDJ6dG51WThmb2o0NnhpUHI2eUpWM1FPQVl2Qzg4UE1GQm4tV1RGTQ?oc=5\" target=\"_blank\" rel=\"nofollow noopener\">Robert MacIntyre tient t\u00eate \u00e0 Scottie Scheffler<\/a>&nbsp;&nbsp;Golf Plan\u00e8te<\/li>\n<\/ol>\n","protected":false},"excerpt":{"rendered":"Robert MacIntyre tient t\u00eate \u00e0 Scottie Scheffler et reste leader du BMW Championship \u00e0 Baltimore&nbsp;&nbsp;L&rsquo;\u00c9quipe Golf. Play-Off Fedex&hellip;\n","protected":false},"author":2,"featured_media":324026,"comment_status":"","ping_status":"","sticky":false,"template":"","format":"standard","meta":{"footnotes":""},"categories":[1418],"tags":[1011,27,1472,60],"class_list":{"0":"post-324025","1":"post","2":"type-post","3":"status-publish","4":"format-standard","5":"has-post-thumbnail","7":"category-golf","8":"tag-fr","9":"tag-france","10":"tag-golf","11":"tag-sports"},"share_on_mastodon":{"url":"https:\/\/pubeurope.com\/@fr\/115041785819130564","error":""},"_links":{"self":[{"href":"https:\/\/www.europesays.com\/fr\/wp-json\/wp\/v2\/posts\/324025","targetHints":{"allow":["GET"]}}],"collection":[{"href":"https:\/\/www.europesays.com\/fr\/wp-json\/wp\/v2\/posts"}],"about":[{"href":"https:\/\/www.europesays.com\/fr\/wp-json\/wp\/v2\/types\/post"}],"author":[{"embeddable":true,"href":"https:\/\/www.europesays.com\/fr\/wp-json\/wp\/v2\/users\/2"}],"replies":[{"embeddable":true,"href":"https:\/\/www.europesays.com\/fr\/wp-json\/wp\/v2\/comments?post=324025"}],"version-history":[{"count":0,"href":"https:\/\/www.europesays.com\/fr\/wp-json\/wp\/v2\/posts\/324025\/revisions"}],"wp:featuredmedia":[{"embeddable":true,"href":"https:\/\/www.europesays.com\/fr\/wp-json\/wp\/v2\/media\/324026"}],"wp:attachment":[{"href":"https:\/\/www.europesays.com\/fr\/wp-json\/wp\/v2\/media?parent=324025"}],"wp:term":[{"taxonomy":"category","embeddable":true,"href":"https:\/\/www.europesays.com\/fr\/wp-json\/wp\/v2\/categories?post=324025"},{"taxonomy":"post_tag","embeddable":true,"href":"https:\/\/www.europesays.com\/fr\/wp-json\/wp\/v2\/tags?post=324025"}],"curies":[{"name":"wp","href":"https:\/\/api.w.org\/{rel}","templated":true}]}}