{"id":324029,"date":"2025-08-17T02:40:16","date_gmt":"2025-08-17T02:40:16","guid":{"rendered":"https:\/\/www.europesays.com\/fr\/324029\/"},"modified":"2025-08-17T02:40:16","modified_gmt":"2025-08-17T02:40:16","slug":"atp-cincinnati-khachanov-fait-passer-un-message-ce-nest-pas-rien-que-sinner-et-alcaraz-aient-saute-le-masters-1000-canadien-cest-probablement-plus-facile-pour-eux","status":"publish","type":"post","link":"https:\/\/www.europesays.com\/fr\/324029\/","title":{"rendered":"ATP &#8211; Cincinnati > Khachanov fait passer un message : \u00ab\u00a0Ce n\u2019est pas rien que Sinner et Alcaraz aient saut\u00e9 le Masters 1000 canadien. C\u2019est probablement plus facile pour eux de le faire car ils ont d\u00e9j\u00e0 gagn\u00e9 quelques Grands Chelems cette ann\u00e9e mais il pourrait \u00eatre judicieux de r\u00e9fl\u00e9chir\u00a0\u00e0\u00a0cela\u00a0\u00bb"},"content":{"rendered":"<p>Karen Khachanov semble \u00e9puis\u00e9.<\/p>\n<p>Le Russe, r\u00e9cent fina\u00adliste du Masters 1000 de Toronto, \u00e9tait engag\u00e9 cette semaine \u00e0 Cincinnati.<\/p>\n<p>Il a d\u00fb aban\u00addonner lors de son match contre Alexander Zverev, proba\u00adble\u00adment en raison de l\u2019encha\u00eenement des matchs et de la fatigue, qui lui ont provoqu\u00e9 une g\u00eane au\u00a0dos.<\/p>\n<p>Lors d\u2019une conf\u00e9\u00adrence de presse, il est revenu sur son abandon et sur la surcharge du calendrier\u00a0:<\/p>\n<p><strong>\u00ab\u202fSi l\u2019on parle en g\u00e9n\u00e9ral, notre calen\u00addrier est assez charg\u00e9. Je ne veux pas me plaindre, mais lors de ces grands tour\u00adnois, d\u2019un c\u00f4t\u00e9, nous avons plus de jours pour nous reposer, mais de l\u2019autre, le programme reste tr\u00e8s intense, surcharg\u00e9. M\u00eame apr\u00e8s Wimbledon, je n\u2019ai pas eu beau\u00adcoup de temps pour r\u00e9cu\u00adp\u00e9rer avant de commencer \u00e0 pr\u00e9parer les surfaces dures. Je suis parti imm\u00e9\u00addia\u00adte\u00adment pour le Canada. Il est proba\u00adble\u00adment temps de regarder le calen\u00addrier, ce n\u2019est pas rien que Sinner et Alcaraz aient saut\u00e9 le tournoi (l\u2019Open du Canada). C\u2019est proba\u00adble\u00adment plus facile pour eux de le faire, car ils ont d\u00e9j\u00e0 gagn\u00e9 quelques Grands Chelems cette ann\u00e9e, mais encore une fois, il pour\u00adrait \u00eatre judi\u00adcieux de r\u00e9fl\u00e9\u00adchir \u00e0\u00a0cela.\u202f\u00bb<\/strong><\/p>\n<p>Une ques\u00adtion qui m\u00e9rite d\u2019\u00eatre pos\u00e9e pour l\u2019actuel 12e joueur mondial, que l\u2019on devrait retrouver tr\u00e8s prochai\u00adne\u00adment \u00e0 l\u2019US Open, s\u2019il est remis de sa l\u00e9g\u00e8re blessure.<\/p>\n<p class=\"post-published-date\" style=\"color: silver; font-size: 75%; text-align: left;\">Publi\u00e9 le samedi 16 ao\u00fbt 2025 \u00e0 17:15<\/p>\n","protected":false},"excerpt":{"rendered":"Karen Khachanov semble \u00e9puis\u00e9. Le Russe, r\u00e9cent fina\u00adliste du Masters 1000 de Toronto, \u00e9tait engag\u00e9 cette semaine \u00e0&hellip;\n","protected":false},"author":2,"featured_media":293791,"comment_status":"","ping_status":"","sticky":false,"template":"","format":"standard","meta":{"footnotes":""},"categories":[1415],"tags":[1744,1011,27,5442,2127,60,1467,4542],"class_list":{"0":"post-324029","1":"post","2":"type-post","3":"status-publish","4":"format-standard","5":"has-post-thumbnail","7":"category-tennis","8":"tag-alcaraz","9":"tag-fr","10":"tag-france","11":"tag-khachanov","12":"tag-sinner","13":"tag-sports","14":"tag-tennis","15":"tag-zverev"},"share_on_mastodon":{"url":"https:\/\/pubeurope.com\/@fr\/115041797552131327","error":""},"_links":{"self":[{"href":"https:\/\/www.europesays.com\/fr\/wp-json\/wp\/v2\/posts\/324029","targetHints":{"allow":["GET"]}}],"collection":[{"href":"https:\/\/www.europesays.com\/fr\/wp-json\/wp\/v2\/posts"}],"about":[{"href":"https:\/\/www.europesays.com\/fr\/wp-json\/wp\/v2\/types\/post"}],"author":[{"embeddable":true,"href":"https:\/\/www.europesays.com\/fr\/wp-json\/wp\/v2\/users\/2"}],"replies":[{"embeddable":true,"href":"https:\/\/www.europesays.com\/fr\/wp-json\/wp\/v2\/comments?post=324029"}],"version-history":[{"count":0,"href":"https:\/\/www.europesays.com\/fr\/wp-json\/wp\/v2\/posts\/324029\/revisions"}],"wp:featuredmedia":[{"embeddable":true,"href":"https:\/\/www.europesays.com\/fr\/wp-json\/wp\/v2\/media\/293791"}],"wp:attachment":[{"href":"https:\/\/www.europesays.com\/fr\/wp-json\/wp\/v2\/media?parent=324029"}],"wp:term":[{"taxonomy":"category","embeddable":true,"href":"https:\/\/www.europesays.com\/fr\/wp-json\/wp\/v2\/categories?post=324029"},{"taxonomy":"post_tag","embeddable":true,"href":"https:\/\/www.europesays.com\/fr\/wp-json\/wp\/v2\/tags?post=324029"}],"curies":[{"name":"wp","href":"https:\/\/api.w.org\/{rel}","templated":true}]}}