{"id":324030,"date":"2025-08-17T02:42:10","date_gmt":"2025-08-17T02:42:10","guid":{"rendered":"https:\/\/www.europesays.com\/fr\/324030\/"},"modified":"2025-08-17T02:42:10","modified_gmt":"2025-08-17T02:42:10","slug":"on-a-fait-un-pas-enorme","status":"publish","type":"post","link":"https:\/\/www.europesays.com\/fr\/324030\/","title":{"rendered":"\u00ab\u00a0On a fait un pas \u00e9norme\u00a0\u00bb"},"content":{"rendered":"<p>&#13;<\/p>\n<p><strong>Pedro Acosta a termin\u00e9 troisi\u00e8me du Sprint \u00e0 Spielberg, son deuxi\u00e8me podium de suite le samedi apr\u00e8s une deuxi\u00e8me place acquise \u00e0 Brno.<\/strong><\/p>\n<p>Parti \u00e0 la faute en Q2, Pedro Acosta a d\u00fb se contenter de la septi\u00e8me place en Q2, mais au d\u00e9part du Sprint, le pilote officiel KTM s\u2019est hiss\u00e9 en quatri\u00e8me position au premier virage. Il s\u2019est ensuite d\u00e9fait de Marco Bezzecchi avant de revenir dans le sillage des deux leaders Alex et Marc Marquez.<\/p>\n<p>En bagarre pour la victoire, il a progressivement perdu du terrain, notamment \u00e0 hauteur du virage n\u00b09. \u00ab\u2009Quand je suis sorti large derri\u00e8re Marc et Alex, ce n\u2019\u00e9tait pas \u00e0 cause de l\u2019aspiration, a-t-il confi\u00e9. C\u2019\u00e9tait au virage 9, et tout le monde est sorti large \u00e0 ce moment-l\u00e0. J\u2019essayais de recoller (\u2026) Malgr\u00e9 \u00e7a, on a \u00e9vit\u00e9 les grosses erreurs.\u2009\u00bb<\/p>\n<p>Il a tout de m\u00eame r\u00e9ussi \u00e0 monter sur la troisi\u00e8me marche du podium. \u00ab\u2009J\u2019ai d\u00fb attaquer toute la course parce que les deux devant moi s\u2019\u00e9chappaient et Bezzecchi revenait, a d\u00e9clar\u00e9 l\u2019Espagnol. Je n\u2019avais pas l\u2019impression d\u2019attaquer au-del\u00e0 de la limite. Oui, je sortais un peu large parfois, mais je n\u2019ai jamais failli perdre l\u2019avant ou l\u2019arri\u00e8re. L\u2019an dernier, on ne pouvait pas du tout g\u00e9rer le pneu tendre, et ce week-end c\u2019\u00e9tait enfin possible.\u2009\u00bb<\/p>\n<p><strong>Un nouveau car\u00e9nage<\/strong><\/p>\n<p>Pour son \u00e9preuve \u00e0 domicile, KTM a d\u00e9voil\u00e9 un nouveau car\u00e9nage, lequel semble ravir les pilotes de la firme de Matthighofen, dont Acosta. \u00ab\u2009On a fait un pas \u00e9norme, s\u2019est r\u00e9joui Acosta. On n\u2019est pas encore au niveau des rivaux, mais c\u2019est bien meilleur qu\u2019avant. Maintenant, on peut au moins se battre contre Aprilia, qui est une moto qui tourne bien, ou certaines Ducati. On doit \u00eatre contents, on a vraiment progress\u00e9 pendant la pause estivale.\u2009\u00bb<\/p>\n<p>Acosta pourra-t-il ravir sa premi\u00e8re victoire en MotoGP en Autriche\u2009? R\u00e9ponse dimanche \u00e0 14h.<\/p>\n<p>&#13;<br \/>\n           &#13;<br \/>\n&#13;<br \/>\n    &#13;<br \/>\n    &#13;<\/p>\n","protected":false},"excerpt":{"rendered":"&#13; Pedro Acosta a termin\u00e9 troisi\u00e8me du Sprint \u00e0 Spielberg, son deuxi\u00e8me podium de suite le samedi apr\u00e8s&hellip;\n","protected":false},"author":2,"featured_media":324031,"comment_status":"","ping_status":"","sticky":false,"template":"","format":"standard","meta":{"footnotes":""},"categories":[1413],"tags":[1011,27,1457,1456,60],"class_list":{"0":"post-324030","1":"post","2":"type-post","3":"status-publish","4":"format-standard","5":"has-post-thumbnail","7":"category-moto","8":"tag-fr","9":"tag-france","10":"tag-moto","11":"tag-motocycle","12":"tag-sports"},"share_on_mastodon":{"url":"https:\/\/pubeurope.com\/@fr\/115041805491450368","error":""},"_links":{"self":[{"href":"https:\/\/www.europesays.com\/fr\/wp-json\/wp\/v2\/posts\/324030","targetHints":{"allow":["GET"]}}],"collection":[{"href":"https:\/\/www.europesays.com\/fr\/wp-json\/wp\/v2\/posts"}],"about":[{"href":"https:\/\/www.europesays.com\/fr\/wp-json\/wp\/v2\/types\/post"}],"author":[{"embeddable":true,"href":"https:\/\/www.europesays.com\/fr\/wp-json\/wp\/v2\/users\/2"}],"replies":[{"embeddable":true,"href":"https:\/\/www.europesays.com\/fr\/wp-json\/wp\/v2\/comments?post=324030"}],"version-history":[{"count":0,"href":"https:\/\/www.europesays.com\/fr\/wp-json\/wp\/v2\/posts\/324030\/revisions"}],"wp:featuredmedia":[{"embeddable":true,"href":"https:\/\/www.europesays.com\/fr\/wp-json\/wp\/v2\/media\/324031"}],"wp:attachment":[{"href":"https:\/\/www.europesays.com\/fr\/wp-json\/wp\/v2\/media?parent=324030"}],"wp:term":[{"taxonomy":"category","embeddable":true,"href":"https:\/\/www.europesays.com\/fr\/wp-json\/wp\/v2\/categories?post=324030"},{"taxonomy":"post_tag","embeddable":true,"href":"https:\/\/www.europesays.com\/fr\/wp-json\/wp\/v2\/tags?post=324030"}],"curies":[{"name":"wp","href":"https:\/\/api.w.org\/{rel}","templated":true}]}}