{"id":324032,"date":"2025-08-17T02:43:15","date_gmt":"2025-08-17T02:43:15","guid":{"rendered":"https:\/\/www.europesays.com\/fr\/324032\/"},"modified":"2025-08-17T02:43:15","modified_gmt":"2025-08-17T02:43:15","slug":"f1-verstappen-la-relation-qui-fait-vibrer-red-bull","status":"publish","type":"post","link":"https:\/\/www.europesays.com\/fr\/324032\/","title":{"rendered":"F1 &#8211; Verstappen\u00a0: La relation qui fait vibrer Red Bull\u00a0!"},"content":{"rendered":"<p class=\"heading\">Max Verstappen n\u2019a pas vraiment bonne r\u00e9putation aupr\u00e8s du grand public de F1. Le N\u00e9erlandais est souvent d\u00e9crit comme le grand m\u00e9chant sur les circuits. Red Bull a toutefois affirm\u00e9 le contraire. L\u2019\u00e9curie autrichienne est d\u2019ailleurs agr\u00e9ablement surprise par la relation que le quadruple champion du monde entretient avec les nouveaux venus dans la discipline.<\/p>\n<p>Si son talent est incontestable, <strong>Max Verstappen<\/strong> ne fait toutefois pas l\u2019unanimit\u00e9 aupr\u00e8s du grand public en<strong> F1<\/strong>. Le N\u00e9erlandais est souvent d\u00e9crit comme le grand m\u00e9chant du paddock. Il faut dire que le quadruple champion du monde a un style de pilotage assez agressif, et n\u2019h\u00e9site pas \u00e0 tenter tous les coups possibles pour d\u00e9crocher le meilleur r\u00e9sultat. <a href=\"https:\/\/le10sport.com\/formule1\/f1-red-bull-verstappen-abandonne-lannonce-choc-754442\" rel=\"nofollow noopener\" target=\"_blank\">Max Verstappen<\/a> a notamment \u00e9t\u00e9 au coeur de quelques pol\u00e9miques pour des incidents de course. <strong>Red Bull<\/strong> a toutefois essay\u00e9 de d\u00e9monter la mauvaise r\u00e9putation du pilote de 27 ans, qui entretient une relation \u00e9troite avec les nouveaux venus en <strong>F1<\/strong>.<\/p>\n<p>                                            \u00abLa Formule 1 doit lui en \u00eatre reconnaissante\u00bb<\/p>\n<p>\u00ab\u00a0Sur le circuit, Max est d\u00e9peint comme le m\u00e9chant du paddock, mais en dehors, c\u2019est tout le contraire. [&#8230;] Je pense que ce qu\u2019il a apport\u00e9 \u00e0 ce paddock&#8230; On le voit dans sa relation avec les rookies aujourd\u2019hui\u00a0: ils l\u2019admirent tous et aspirent \u00e0 l\u2019imiter et \u00e0 accomplir ce qu\u2019il a accompli. Je pense donc que la Formule 1 doit lui en \u00eatre reconnaissante\u00a0\u00bb a confi\u00e9 <strong>Gianpiero Lambiase<\/strong>, ing\u00e9nieur de course de <strong>Max Verstappen <\/strong>chez <strong>Red Bull<\/strong>, dans des propos rapport\u00e9s par NextGen-Auto.<\/p>\n<p>                                            \u00abC\u2019est un homme tr\u00e8s simple\u00bb<\/p>\n<p>Il n\u2019est d\u2019ailleurs pas le seul \u00e0 \u00eatre mont\u00e9 au cr\u00e9neau pour <strong>Max Verstappen<\/strong>. \u00ab\u00a0C\u2019est un homme tr\u00e8s simple, dot\u00e9 d\u2019un talent naturel pour piloter qu\u2019aucun de nous ne peut vraiment comprendre. Ce qui est encore plus surprenant, c\u2019est qu\u2019il est conscient de ses capacit\u00e9s et qu\u2019il sait les expliquer. Il \u00e9tait totalement d\u00e9tendu, un vrai plaisir de travailler avec lui. Je sais que je peux para\u00eetre flatteur, mais je vous assure que si \u00e7a n\u2019avait pas \u00e9t\u00e9 le cas, je vous aurais dit qu\u2019il \u00e9tait un connard. Mais ce n\u2019est vraiment pas ce que j\u2019ai constat\u00e9\u00a0\u00bb a indiqu\u00e9 <strong>Chris Harris<\/strong> apr\u00e8s une collaboration avec le pilote de <strong>Red Bull <\/strong>pour <strong>Ford Performance <\/strong>r\u00e9cemment.<\/p>\n","protected":false},"excerpt":{"rendered":"Max Verstappen n\u2019a pas vraiment bonne r\u00e9putation aupr\u00e8s du grand public de F1. Le N\u00e9erlandais est souvent d\u00e9crit&hellip;\n","protected":false},"author":2,"featured_media":324033,"comment_status":"","ping_status":"","sticky":false,"template":"","format":"standard","meta":{"footnotes":""},"categories":[1412],"tags":[1451,1452,1453,1454,1455,1011,27,60],"class_list":{"0":"post-324032","1":"post","2":"type-post","3":"status-publish","4":"format-standard","5":"has-post-thumbnail","7":"category-f1","8":"tag-f1","9":"tag-formula-1","10":"tag-formula1","11":"tag-formule-1","12":"tag-formule1","13":"tag-fr","14":"tag-france","15":"tag-sports"},"share_on_mastodon":{"url":"https:\/\/pubeurope.com\/@fr\/115041809361746494","error":""},"_links":{"self":[{"href":"https:\/\/www.europesays.com\/fr\/wp-json\/wp\/v2\/posts\/324032","targetHints":{"allow":["GET"]}}],"collection":[{"href":"https:\/\/www.europesays.com\/fr\/wp-json\/wp\/v2\/posts"}],"about":[{"href":"https:\/\/www.europesays.com\/fr\/wp-json\/wp\/v2\/types\/post"}],"author":[{"embeddable":true,"href":"https:\/\/www.europesays.com\/fr\/wp-json\/wp\/v2\/users\/2"}],"replies":[{"embeddable":true,"href":"https:\/\/www.europesays.com\/fr\/wp-json\/wp\/v2\/comments?post=324032"}],"version-history":[{"count":0,"href":"https:\/\/www.europesays.com\/fr\/wp-json\/wp\/v2\/posts\/324032\/revisions"}],"wp:featuredmedia":[{"embeddable":true,"href":"https:\/\/www.europesays.com\/fr\/wp-json\/wp\/v2\/media\/324033"}],"wp:attachment":[{"href":"https:\/\/www.europesays.com\/fr\/wp-json\/wp\/v2\/media?parent=324032"}],"wp:term":[{"taxonomy":"category","embeddable":true,"href":"https:\/\/www.europesays.com\/fr\/wp-json\/wp\/v2\/categories?post=324032"},{"taxonomy":"post_tag","embeddable":true,"href":"https:\/\/www.europesays.com\/fr\/wp-json\/wp\/v2\/tags?post=324032"}],"curies":[{"name":"wp","href":"https:\/\/api.w.org\/{rel}","templated":true}]}}