{"id":324034,"date":"2025-08-17T02:44:31","date_gmt":"2025-08-17T02:44:31","guid":{"rendered":"https:\/\/www.europesays.com\/fr\/324034\/"},"modified":"2025-08-17T02:44:31","modified_gmt":"2025-08-17T02:44:31","slug":"liam-walsh-simpose-au-sprint-sur-la-troisieme-etape-du-tour-de-tchequie-junior-lecerf-reste-leader-lequipe","status":"publish","type":"post","link":"https:\/\/www.europesays.com\/fr\/324034\/","title":{"rendered":"Liam Walsh s&#039;impose au sprint sur la troisi\u00e8me \u00e9tape du Tour de Tch\u00e9quie, Junior Lecerf reste leader &#8211; L&#039;\u00c9quipe"},"content":{"rendered":"<ol>\n<li><a href=\"https:\/\/news.google.com\/rss\/articles\/CBMi8gFBVV95cUxONVJqc3pCX0ZHOERkOWFXci1nMHJZamJSeUpNX1lmM1I1ZEhiUXppRHZWTElZZlJpTVdxcXdGX0Zkbnc5WTFtTzIxZUxFQzZNV1hyWlNCcVBYNGRDOV9XdWluT3RoMTdWYTJYNjROREZaWFNzNERwNVl5dzZ6bjJ2ZEw1VS1LcXUzT1c1bFdJcnNKb2s0NnUzV00wWEx4WjFDaExsdEl0dVRNZEZTTWFDcU4xdThYOGZsZzM2dm1hNHU5Ql9qY1M0STlVNVdnYlBpeUVoNS1tTjJVNFJnSU1ObFRWbFUyRklQdmoxcVI1MU4zUQ?oc=5\" target=\"_blank\" rel=\"nofollow noopener\">Liam Walsh s&rsquo;impose au sprint sur la troisi\u00e8me \u00e9tape du Tour de Tch\u00e9quie, Junior Lecerf reste leader<\/a>&nbsp;&nbsp;L&rsquo;\u00c9quipe<\/li>\n<li><a href=\"https:\/\/news.google.com\/rss\/articles\/CBMikwFBVV95cUxPVnJ6cDhnNlQzX0xVemlfdzVHLVRQd1ZuZ2xLQjFveDBuUGRKdTBnX0ZtV3BCLVNBeVExRmFEQlNsc1EwTlA0al82c3drQ0cyYmZHV0M2X2Z6OXdiTmJNNWs3bEhtdlNlS1VSNkhkVXgzUXZJQUJQd0RVZEtKTGZMUTR2b3NodWxLMndLY1VDcnhTNEE?oc=5\" target=\"_blank\" rel=\"nofollow noopener\">Classement g\u00e9n\u00e9ral Tour de R\u00e9publique Tch\u00e8que 2025 actualis\u00e9<\/a>&nbsp;&nbsp;Dicodusport<\/li>\n<li><a href=\"https:\/\/news.google.com\/rss\/articles\/CBMi-AFBVV95cUxOajI4M2stMFNpbkZfWW1oSUdGYUdza3I0OEs4TjZOa1o0NEo5eWNXb0xKaVBoSTYyVHlLWGpBaWFFVDJpMnFJUk9JN2QxbjBCcGFGbXgxNEJUZTRMX1BTaERzT1dMQkx0ckJBNnBmN0RTay12bDdfNDl1WlNndDhSS2FmR2lUMFI0UTBMamhCX0l4Q3RwTnlXYklKQkgxb2VfWTVqS0Z5VmlFLXlpVUZ3MDZhMmZMS3psdVVQelJtUmpYOW9Jcm0yZS1wYjFYVzdCME5LOUJVSTFJSDNsaDNGVDhzQzRvblNScFhQNE9aUkxyX1lCQ2c0SA?oc=5\" target=\"_blank\" rel=\"nofollow noopener\">Cyclisme &#8211; Czech Tour 2025 &#8211; \u00c9tape 3 R\u00e9sum\u00e9 &#8211; Un nouveau sprint massif et un vainqueur surprise !<\/a>&nbsp;&nbsp;Orange Actualit\u00e9s | Sports<\/li>\n<li><a href=\"https:\/\/news.google.com\/rss\/articles\/CBMixgFBVV95cUxQRGR2T2RyUmZFSGlhNWY3MW9qWWZKLXNhNmVDWVNhZ19HWjFWRGRTSFU5TWIwSjBvRzJzZDN2M2lXVEVlc1lLUjVTOHNLQ19vQ2h2VHA5amg0S2tRaEJja3V6aEF1eEpjOE1DV1lhVXZJLUVkOGdhWnM4NWRKWE53Q1RhTGMzeXpmcnd4OTV6YWF1ZU9tcDNvYkpFSF9NV3dRMU9vMDJuUk1ZUWUwZ21iRmFnQXVUR2hrU2Y2SUVYZjRnYXNEUnc?oc=5\" target=\"_blank\" rel=\"nofollow noopener\">Czech Tour &#8211; La surprise Liam Walsh s&rsquo;offre Luke Lamperti sur la 3e \u00e9tape<\/a>&nbsp;&nbsp;Cyclism&rsquo;Actu<\/li>\n<li><a href=\"https:\/\/news.google.com\/rss\/articles\/CBMi4gFBVV95cUxPeWVPTlhNZU9vcnVaUEM0aXVFMmJtRGlMdjBTbmFpNWRDY3ZNSThJeGw1YkY2NUJ4RHVBZmFKT05yc2ZYb0IwNmRUa0x5R2FMaG4tckpjWnA4dEE0Rm9tYWQ1ZWc1RFJjYXl4UUY1OHQ2MGJhZnRHYTNLVlI1YkxlX2NxT09seDN5LTV5YldreW5iWkJuRGVpZWhHRm5ROXNEN1Z3cWZuU0QtVHhiWWRqT0drbDU4MVRqUW1sSjJNdnU0WGlfclFENXVBMHhucHpHRmMzTGl0dVJNSkpoTmFaM1hn?oc=5\" target=\"_blank\" rel=\"nofollow noopener\">Tour de R\u00e9publique tch\u00e8que : Junior Lecerf remporte une 2e \u00e9tape anim\u00e9e par Cian Uijtdebroeks et fait coup double<\/a>&nbsp;&nbsp;RTBF<\/li>\n<\/ol>\n","protected":false},"excerpt":{"rendered":"Liam Walsh s&rsquo;impose au sprint sur la troisi\u00e8me \u00e9tape du Tour de Tch\u00e9quie, Junior Lecerf reste leader&nbsp;&nbsp;L&rsquo;\u00c9quipe Classement&hellip;\n","protected":false},"author":2,"featured_media":324035,"comment_status":"","ping_status":"","sticky":false,"template":"","format":"standard","meta":{"footnotes":""},"categories":[1411],"tags":[1154,207,1011,27,60],"class_list":{"0":"post-324034","1":"post","2":"type-post","3":"status-publish","4":"format-standard","5":"has-post-thumbnail","7":"category-cyclisme","8":"tag-cycling","9":"tag-cyclisme","10":"tag-fr","11":"tag-france","12":"tag-sports"},"share_on_mastodon":{"url":"https:\/\/pubeurope.com\/@fr\/115041813380710857","error":""},"_links":{"self":[{"href":"https:\/\/www.europesays.com\/fr\/wp-json\/wp\/v2\/posts\/324034","targetHints":{"allow":["GET"]}}],"collection":[{"href":"https:\/\/www.europesays.com\/fr\/wp-json\/wp\/v2\/posts"}],"about":[{"href":"https:\/\/www.europesays.com\/fr\/wp-json\/wp\/v2\/types\/post"}],"author":[{"embeddable":true,"href":"https:\/\/www.europesays.com\/fr\/wp-json\/wp\/v2\/users\/2"}],"replies":[{"embeddable":true,"href":"https:\/\/www.europesays.com\/fr\/wp-json\/wp\/v2\/comments?post=324034"}],"version-history":[{"count":0,"href":"https:\/\/www.europesays.com\/fr\/wp-json\/wp\/v2\/posts\/324034\/revisions"}],"wp:featuredmedia":[{"embeddable":true,"href":"https:\/\/www.europesays.com\/fr\/wp-json\/wp\/v2\/media\/324035"}],"wp:attachment":[{"href":"https:\/\/www.europesays.com\/fr\/wp-json\/wp\/v2\/media?parent=324034"}],"wp:term":[{"taxonomy":"category","embeddable":true,"href":"https:\/\/www.europesays.com\/fr\/wp-json\/wp\/v2\/categories?post=324034"},{"taxonomy":"post_tag","embeddable":true,"href":"https:\/\/www.europesays.com\/fr\/wp-json\/wp\/v2\/tags?post=324034"}],"curies":[{"name":"wp","href":"https:\/\/api.w.org\/{rel}","templated":true}]}}