{"id":324037,"date":"2025-08-17T02:46:11","date_gmt":"2025-08-17T02:46:11","guid":{"rendered":"https:\/\/www.europesays.com\/fr\/324037\/"},"modified":"2025-08-17T02:46:11","modified_gmt":"2025-08-17T02:46:11","slug":"olivier-minne-bientot-sur-m6-et-pourtant-je-ne-me-vois-pas-quitter-fort-boyard-dans-les-40-ans-a-venir","status":"publish","type":"post","link":"https:\/\/www.europesays.com\/fr\/324037\/","title":{"rendered":"Olivier Minne bient\u00f4t sur M6 et pourtant&#8230;,\u00a0\u00bbJe ne me vois pas quitter Fort Boyard dans les 40 ans \u00e0 venir\u00a0\u00bb"},"content":{"rendered":"<p>Ce samedi 16 ao\u00fbt, Olivier Minne sera \u00e0 l\u00a0\u00bbanimation d&rsquo;un nouveau<br \/>\nnum\u00e9ro de Fort Boyard. Elodie Gossuin, Houcine, Jungeli, Dounia<br \/>\nCoesens, Pierre-Yves Bon et Julia Martin vont affronter leurs peurs<br \/>\net se d\u00e9passer pour tenter de gagner un maximum d&rsquo;argent pour<br \/>\nl&rsquo;association Unicef.<\/p>\n<p>Olivier Minne anime Fort Boyard pour la derni\u00e8re fois cette<br \/>\nsaison<\/p>\n<p>Cette saison de Fort Boyard est assez particuli\u00e8re pour Olivier<br \/>\nMinne, puisque \u00e7a sera sa derni\u00e8re. <strong>Il a d\u00e9cid\u00e9 de quitter<br \/>\nFrance T\u00e9l\u00e9visions pour rejoindre M6 d\u00e8s la rentr\u00e9e<br \/>\nprochaine.<\/strong> D&rsquo;ailleurs lors de la premi\u00e8re de Fort Boyard<br \/>\nde la saison, il a tenu \u00e0 adresser un mot aux <a href=\"https:\/\/www.melty.fr\/tele\/apres-23-ans-olivier-minne-quitte-fort-boyard-voici-son-successeur-et-les-noms-ecartes-2240852.html\" target=\"_blank\" rel=\"noopener\"><br \/>\nt\u00e9l\u00e9spectateurs qui retrouveront donc un autre animateur en<br \/>\n2026.<\/a><\/p>\n<p>\u00ab\u00a0Je suis tr\u00e8s heureux de vous retrouver pour cette 36e<br \/>\nsaison d&rsquo;autant que, pour tout vous dire, <strong>elle a un go\u00fbt<br \/>\nparticulier pour moi puisque c&rsquo;est ma derni\u00e8re saison.<\/strong> Je<br \/>\nvais en effet avoir la chance, la fiert\u00e9 de vous accompagner une<br \/>\nultime fois dans cette grande aventure qu&rsquo;est\u00a0Fort Boyard,<br \/>\nmais je voulais d&rsquo;ores et d\u00e9j\u00e0 vous remercier. Vous remercier pour<br \/>\nvotre confiance, vous m&rsquo;avez accueilli durant toutes ces<br \/>\nann\u00e9es&#8230;\u00a0\u00bb, a-t-il d\u00e9clar\u00e9 avec une touche d&rsquo;\u00e9motions.<\/p>\n<p>\u00ab\u00a0C&rsquo;est un peu comme si la boucle \u00e9tait boucl\u00e9e\u00a0\u00bb<\/p>\n<p>Au cours d&rsquo;une interview accord\u00e9e \u00e0 T\u00e9l\u00e9 C\u00e2ble Sat,<br \/>\nparue le 21 juillet dernier, <a href=\"https:\/\/www.melty.fr\/people\/on-a-tous-pleure-les-coulisses-emouvantes-du-dernier-fort-boyard-avec-olivier-minne-devoilees-2250056.html\" target=\"_blank\" rel=\"noopener\"><br \/>\nl&rsquo;animateur a \u00e9voqu\u00e9 ses derniers tournages de Fort<br \/>\nBoyard.\u00a0<\/a>\u00ab\u00a0Les \u00e9missions ont eu un \u00e9cho particulier<br \/>\nparce que certaines \u00e9preuves sont li\u00e9es \u00e0 l&rsquo;\u00e9poque de Patrice<br \/>\nLaffont dont j&rsquo;\u00e9tais tr\u00e8s proche. <strong>C&rsquo;est un peu comme si la<br \/>\nboucle \u00e9tait boucl\u00e9e.<\/strong> J&rsquo;ai fait le boulot et maintenant je<br \/>\npeux envisager autre chose\u2026\u00a0<strong>L&rsquo;annonce de mon d\u00e9part<br \/>\ns&rsquo;est faite juste avant\u00a0les tournages\u00a0qui ont \u00e9t\u00e9<br \/>\n\u00e9mouvants et joyeux avec en filigrane l&rsquo;id\u00e9e qu&rsquo;une page du livre<br \/>\n\u00e9tait en train de se refermer<\/strong>\u00ab\u00a0, a-t-il confi\u00e9.<\/p>\n<p>Fort Boyard, c&rsquo;est une \u00e9mission qu&rsquo;il anime depuis plus de vingt<br \/>\nans, puisque sa premi\u00e8re date de 2003<strong>. \u00ab\u00a0J&rsquo;ai toujours<br \/>\neu conscience du poids des responsabilit\u00e9s \u00e0 pr\u00e9senter une telle<br \/>\n\u00e9mission\u00a0\u00bb<\/strong>, a-t-il pr\u00e9cis\u00e9 lors de cet entretien.<\/p>\n<p>\u00ab\u00a0Incarner Fort Boyard, c\u2019est<br \/>\nmerveilleux !\u00a0\u00bb<\/p>\n<p>Pourtant Olivier Minne n&rsquo;avait pas vu venir ce d\u00e9part soudain de<br \/>\nl&rsquo;\u00e9mission. En 2015, lors d&rsquo;un entretien avec nos confr\u00e8res de<br \/>\nT\u00e9l\u00e9-Loisirs, il avait fait savoir qu&rsquo;il n&rsquo;avait pas<br \/>\nl&rsquo;intention de quitter Fort Boyard. Ni maintenant, ni dans les<br \/>\nann\u00e9es \u00e0 venir. Mais les propos tenus il y a dix ans ne sont<br \/>\nclairement plus d&rsquo;actualit\u00e9. \u00ab\u00a0<strong>Incarner Fort Boyard,<br \/>\nc\u2019est merveilleux !<\/strong> Personnellement, <strong>je ne me vois<br \/>\npas quitter l\u2019\u00e9mission dans les 40 ann\u00e9es qui viennent !<\/strong><br \/>\nC\u2019est un programme qui v\u00e9hicule de tr\u00e8s belles valeurs : un m\u00e9lange<br \/>\nde divertissement, d\u2019action, de connaissance et de d\u00e9passement de<br \/>\nsoi&#8230; En 26 ans, le jeu a formidablement su se remettre en<br \/>\nquestion et se renouveler avec de nouvelles \u00e9preuves, des<br \/>\npersonnages in\u00e9dits\u00a0\u00bb, avait-il l\u00e2ch\u00e9.<\/p>\n<p>Finalement ce samedi 30 ao\u00fbt 2025, il animera Fort Boyard pour<br \/>\nla toute derni\u00e8re fois. Un tournage particulier, mais qui est<br \/>\npourtant rest\u00e9 identique aux autres journ\u00e9es. \u00ab\u00a0Lors de cette<br \/>\nderni\u00e8re nuit, j&rsquo;ai fait les m\u00eames choses que d&rsquo;habitude. Sur le<br \/>\nfort, je vis avec le P\u00e8re Fouras : nous nous sommes fait \u00e0 manger<br \/>\net nous avons discut\u00e9 jusqu&rsquo;\u00e0 pas d&rsquo;heure avant de partir le<br \/>\nlendemain : nous voulions \u00eatre concentr\u00e9s sur le programme et faire<br \/>\nla meilleure \u00e9mission possible\u00a0\u00bb, a-t-il confi\u00e9 \u00e0<br \/>\nT\u00e9l\u00e9-Loisirs.<\/p>\n","protected":false},"excerpt":{"rendered":"Ce samedi 16 ao\u00fbt, Olivier Minne sera \u00e0 l\u00a0\u00bbanimation d&rsquo;un nouveau num\u00e9ro de Fort Boyard. Elodie Gossuin, Houcine,&hellip;\n","protected":false},"author":2,"featured_media":324038,"comment_status":"","ping_status":"","sticky":false,"template":"","format":"standard","meta":{"footnotes":""},"categories":[1359],"tags":[58,59,15745,1011,27,17033,973],"class_list":{"0":"post-324037","1":"post","2":"type-post","3":"status-publish","4":"format-standard","5":"has-post-thumbnail","7":"category-people","8":"tag-divertissement","9":"tag-entertainment","10":"tag-fort-boyard","11":"tag-fr","12":"tag-france","13":"tag-olivier-minne","14":"tag-people"},"share_on_mastodon":{"url":"https:\/\/pubeurope.com\/@fr\/115041821246642825","error":""},"_links":{"self":[{"href":"https:\/\/www.europesays.com\/fr\/wp-json\/wp\/v2\/posts\/324037","targetHints":{"allow":["GET"]}}],"collection":[{"href":"https:\/\/www.europesays.com\/fr\/wp-json\/wp\/v2\/posts"}],"about":[{"href":"https:\/\/www.europesays.com\/fr\/wp-json\/wp\/v2\/types\/post"}],"author":[{"embeddable":true,"href":"https:\/\/www.europesays.com\/fr\/wp-json\/wp\/v2\/users\/2"}],"replies":[{"embeddable":true,"href":"https:\/\/www.europesays.com\/fr\/wp-json\/wp\/v2\/comments?post=324037"}],"version-history":[{"count":0,"href":"https:\/\/www.europesays.com\/fr\/wp-json\/wp\/v2\/posts\/324037\/revisions"}],"wp:featuredmedia":[{"embeddable":true,"href":"https:\/\/www.europesays.com\/fr\/wp-json\/wp\/v2\/media\/324038"}],"wp:attachment":[{"href":"https:\/\/www.europesays.com\/fr\/wp-json\/wp\/v2\/media?parent=324037"}],"wp:term":[{"taxonomy":"category","embeddable":true,"href":"https:\/\/www.europesays.com\/fr\/wp-json\/wp\/v2\/categories?post=324037"},{"taxonomy":"post_tag","embeddable":true,"href":"https:\/\/www.europesays.com\/fr\/wp-json\/wp\/v2\/tags?post=324037"}],"curies":[{"name":"wp","href":"https:\/\/api.w.org\/{rel}","templated":true}]}}